{"id":4428,"date":"2025-10-22T12:05:53","date_gmt":"2025-10-22T10:05:53","guid":{"rendered":"https:\/\/caminsbalears.org\/?p=4428"},"modified":"2025-10-22T12:10:46","modified_gmt":"2025-10-22T10:10:46","slug":"jornada-dessalacio-19-nov-menorca","status":"publish","type":"post","link":"https:\/\/caminsbalears.org\/ca\/jornada-dessalacio-19-nov-menorca\/","title":{"rendered":"JORNADA DESSALACI\u00d3 19 NOV MENORCA"},"content":{"rendered":"<p>El pr\u00f2xim 19 de novembre es celebrar\u00e0 en el CentreBit Menorca la Jornada T\u00e8cnica &#8220;La dessalaci\u00f3 a les illes. Solucions sostenibles per a una garantia de subministrament&#8221;<\/p>\n<p><a href=\"file:\/\/\/C:\/Users\/08fbc\/Downloads\/Programa.%20Jornadas%20Desalaci%C3%B3n.%20Menorca.%2019-11-25%20(2).pdf\">Programa i inscripci\u00f3<\/a><\/p>\n","protected":false},"excerpt":{"rendered":"<p>El pr\u00f2xim 19 de novembre es celebrar\u00e0 en el CentreBit Menorca la Jornada T\u00e8cnica &#8220;La dessalaci\u00f3 a les illes. Solucions sostenibles per a una garantia de subministrament&#8221; Programa i inscripci\u00f3<\/p>\n","protected":false},"author":306,"featured_media":4429,"comment_status":"open","ping_status":"open","sticky":false,"template":"","format":"standard","meta":{"footnotes":""},"categories":[29],"tags":[],"class_list":["post-4428","post","type-post","status-publish","format-standard","has-post-thumbnail","hentry","category-el-collegi-informa"],"_links":{"self":[{"href":"https:\/\/caminsbalears.org\/ca\/wp-json\/wp\/v2\/posts\/4428","targetHints":{"allow":["GET"]}}],"collection":[{"href":"https:\/\/caminsbalears.org\/ca\/wp-json\/wp\/v2\/posts"}],"about":[{"href":"https:\/\/caminsbalears.org\/ca\/wp-json\/wp\/v2\/types\/post"}],"author":[{"embeddable":true,"href":"https:\/\/caminsbalears.org\/ca\/wp-json\/wp\/v2\/users\/306"}],"replies":[{"embeddable":true,"href":"https:\/\/caminsbalears.org\/ca\/wp-json\/wp\/v2\/comments?post=4428"}],"version-history":[{"count":2,"href":"https:\/\/caminsbalears.org\/ca\/wp-json\/wp\/v2\/posts\/4428\/revisions"}],"predecessor-version":[{"id":4432,"href":"https:\/\/caminsbalears.org\/ca\/wp-json\/wp\/v2\/posts\/4428\/revisions\/4432"}],"wp:featuredmedia":[{"embeddable":true,"href":"https:\/\/caminsbalears.org\/ca\/wp-json\/wp\/v2\/media\/4429"}],"wp:attachment":[{"href":"https:\/\/caminsbalears.org\/ca\/wp-json\/wp\/v2\/media?parent=4428"}],"wp:term":[{"taxonomy":"category","embeddable":true,"href":"https:\/\/caminsbalears.org\/ca\/wp-json\/wp\/v2\/categories?post=4428"},{"taxonomy":"post_tag","embeddable":true,"href":"https:\/\/caminsbalears.org\/ca\/wp-json\/wp\/v2\/tags?post=4428"}],"curies":[{"name":"wp","href":"https:\/\/api.w.org\/{rel}","templated":true}]}}