{"id":4410,"date":"2025-09-25T10:40:31","date_gmt":"2025-09-25T08:40:31","guid":{"rendered":"https:\/\/caminsbalears.org\/?p=4410"},"modified":"2025-09-25T10:48:22","modified_gmt":"2025-09-25T08:48:22","slug":"la-demarcacio-de-balears-reclama-estudis-universitaris-denginyeria-de-camins-per-a-garantir-el-futur-de-les-seves-infraestructures","status":"publish","type":"post","link":"https:\/\/caminsbalears.org\/ca\/la-demarcacio-de-balears-reclama-estudis-universitaris-denginyeria-de-camins-per-a-garantir-el-futur-de-les-seves-infraestructures\/","title":{"rendered":"LA DEMARCACI\u00d3 DE BALEARS RECLAMA ESTUDIS UNIVERSITARIS D&#8217;ENGINYERIA DE CAMINS PER A GARANTIR EL FUTUR DE LES SEVES INFRAESTRUCTURES"},"content":{"rendered":"<p>La Demarcaci\u00f3 de Balears del Col\u00b7legi d&#8217;Enginyers de Camins, Canals i Ports (CICCP)\u00a0ha llan\u00e7at una proposta que considera estrat\u00e8gica per al futur econ\u00f2mic i social de l&#8217;arxip\u00e8lag: la creaci\u00f3 a la Universitat de les Illes Balears (UIB) d&#8217;un grau en Enginyeria Civil que doni acc\u00e9s al m\u00e0ster habilitant en Enginyeria de Camins.<\/p>\n<p>L&#8217;objectiu \u00e9s respondre a una necessitat creixent. Segons el col\u00b7legi professional, Balears pateix un d\u00e8ficit de perfils qualificats en un sector que registra plena ocupaci\u00f3 i que resulta clau per a la sostenibilitat, la seguretat i la competitivitat de les infraestructures de l&#8217;arxip\u00e8lag.<\/p>\n<p>L&#8217;enginyeria de camins \u00e9s una professi\u00f3 regulada amb impacte transversal: des de ports i costes fins a carreteres, transport, mobilitat, gesti\u00f3 hidr\u00e0ulica o domini p\u00fablic. Disposar de titulacions adaptades a la realitat insular permetria formar talent local, m\u00e9s sensible al context i als reptes espec\u00edfics del territori, reduint la depend\u00e8ncia d&#8217;altres centres universitaris i generant a m\u00e9s oportunitats en recerca aplicada.<\/p>\n<p>La degana del CICCP a Balears, Sara Lobato Rubio, subratlla que comptar amb aquest grau no sols donaria resposta a la demanda formativa recollida en l&#8217;informe del Consell Econ\u00f2mic i Social de les Illes Balears, sin\u00f3 que obriria la porta a captar fons europeus i nacionals destinats a modernitzaci\u00f3 d&#8217;infraestructures, resili\u00e8ncia clim\u00e0tica i digitalitzaci\u00f3.<br \/>\n\u201cAquest proc\u00e9s ha d&#8217;arrencar amb un estudi rigor\u00f3s de necessitat i convertir-se en un punt d&#8217;inflexi\u00f3 per a l&#8217;enginyeria a Balears, que avui manca de relleu generacional\u201d, apunta Lobato, qui avan\u00e7a que en breu s&#8217;iniciaran contactes amb el\u00a0Govern\u00a0i amb la UIB per a explorar la viabilitat de la proposta.<br \/>\nEl plantejament del col\u00b7legi s&#8217;emmarca en un context de transformaci\u00f3 del territori i de les seves dotacions p\u00fabliques, que requereixen una gesti\u00f3 alineada amb les demandes de la societat i amb un entorn insular sotm\u00e8s a grans reptes de sostenibilitat.<\/p>\n<p><a href=\"https:\/\/www.economiademallorca.com\/articulo\/formacion-y-educacion\/baleares-reclama-estudios-universitarios-ingenieria-caminos-garantizar-futuro-infraestructuras\/20250919135315111561.html\">Veure Publicaci\u00f3<\/a><\/p>\n","protected":false},"excerpt":{"rendered":"<p>La Demarcaci\u00f3 de Balears del Col\u00b7legi d&#8217;Enginyers de Camins, Canals i Ports (CICCP)\u00a0ha llan\u00e7at una proposta que considera estrat\u00e8gica per al futur econ\u00f2mic i social de l&#8217;arxip\u00e8lag: la creaci\u00f3 a la Universitat de les Illes Balears (UIB) d&#8217;un grau en Enginyeria Civil que doni acc\u00e9s al m\u00e0ster habilitant en Enginyeria de Camins. L&#8217;objectiu \u00e9s respondre [&hellip;]<\/p>\n","protected":false},"author":306,"featured_media":4411,"comment_status":"open","ping_status":"open","sticky":false,"template":"","format":"standard","meta":{"footnotes":""},"categories":[29],"tags":[],"class_list":["post-4410","post","type-post","status-publish","format-standard","has-post-thumbnail","hentry","category-el-collegi-informa"],"_links":{"self":[{"href":"https:\/\/caminsbalears.org\/ca\/wp-json\/wp\/v2\/posts\/4410","targetHints":{"allow":["GET"]}}],"collection":[{"href":"https:\/\/caminsbalears.org\/ca\/wp-json\/wp\/v2\/posts"}],"about":[{"href":"https:\/\/caminsbalears.org\/ca\/wp-json\/wp\/v2\/types\/post"}],"author":[{"embeddable":true,"href":"https:\/\/caminsbalears.org\/ca\/wp-json\/wp\/v2\/users\/306"}],"replies":[{"embeddable":true,"href":"https:\/\/caminsbalears.org\/ca\/wp-json\/wp\/v2\/comments?post=4410"}],"version-history":[{"count":2,"href":"https:\/\/caminsbalears.org\/ca\/wp-json\/wp\/v2\/posts\/4410\/revisions"}],"predecessor-version":[{"id":4414,"href":"https:\/\/caminsbalears.org\/ca\/wp-json\/wp\/v2\/posts\/4410\/revisions\/4414"}],"wp:featuredmedia":[{"embeddable":true,"href":"https:\/\/caminsbalears.org\/ca\/wp-json\/wp\/v2\/media\/4411"}],"wp:attachment":[{"href":"https:\/\/caminsbalears.org\/ca\/wp-json\/wp\/v2\/media?parent=4410"}],"wp:term":[{"taxonomy":"category","embeddable":true,"href":"https:\/\/caminsbalears.org\/ca\/wp-json\/wp\/v2\/categories?post=4410"},{"taxonomy":"post_tag","embeddable":true,"href":"https:\/\/caminsbalears.org\/ca\/wp-json\/wp\/v2\/tags?post=4410"}],"curies":[{"name":"wp","href":"https:\/\/api.w.org\/{rel}","templated":true}]}}