{"id":4382,"date":"2025-07-28T11:30:54","date_gmt":"2025-07-28T09:30:54","guid":{"rendered":"https:\/\/caminsbalears.org\/?p=4382"},"modified":"2025-07-28T11:30:54","modified_gmt":"2025-07-28T09:30:54","slug":"jornada-prolongacio-del-tren-sa-pobla-a-alcudia","status":"publish","type":"post","link":"https:\/\/caminsbalears.org\/ca\/jornada-prolongacio-del-tren-sa-pobla-a-alcudia\/","title":{"rendered":"Jornada Prolongaci\u00f3 del tren Sa Pobla a Alc\u00fadia"},"content":{"rendered":"<p>La nostra Degana Sara Lobato, ha participat a la jornada organitzada per la conselleria de Mobilitat en el Port Center de Palma, per a explicar als col\u00b7legis d&#8217;Enginyers de Camins i Industrials el tra\u00e7at de la Prolongaci\u00f3 del tren Sa Pobla a Alc\u00fadia, que es troba en informaci\u00f3 p\u00fablica.<\/p>\n<p>Han participat juntament amb la nostra degana, la directora general de Mobilitat, Lorena del Valle, el director de la APB Antoni Ginard, el deg\u00e0 dels enginyers Industrials Mateu Oliver i el Conseller d&#8217;Habitatge, Territori i Mobilitat, Jos\u00e9 Luis Mateo.<\/p>\n","protected":false},"excerpt":{"rendered":"<p>La nostra Degana Sara Lobato, ha participat a la jornada organitzada per la conselleria de Mobilitat en el Port Center de Palma, per a explicar als col\u00b7legis d&#8217;Enginyers de Camins i Industrials el tra\u00e7at de la Prolongaci\u00f3 del tren Sa Pobla a Alc\u00fadia, que es troba en informaci\u00f3 p\u00fablica. Han participat juntament amb la nostra [&hellip;]<\/p>\n","protected":false},"author":306,"featured_media":4379,"comment_status":"open","ping_status":"open","sticky":false,"template":"","format":"standard","meta":{"footnotes":""},"categories":[29],"tags":[],"class_list":["post-4382","post","type-post","status-publish","format-standard","has-post-thumbnail","hentry","category-el-collegi-informa"],"_links":{"self":[{"href":"https:\/\/caminsbalears.org\/ca\/wp-json\/wp\/v2\/posts\/4382","targetHints":{"allow":["GET"]}}],"collection":[{"href":"https:\/\/caminsbalears.org\/ca\/wp-json\/wp\/v2\/posts"}],"about":[{"href":"https:\/\/caminsbalears.org\/ca\/wp-json\/wp\/v2\/types\/post"}],"author":[{"embeddable":true,"href":"https:\/\/caminsbalears.org\/ca\/wp-json\/wp\/v2\/users\/306"}],"replies":[{"embeddable":true,"href":"https:\/\/caminsbalears.org\/ca\/wp-json\/wp\/v2\/comments?post=4382"}],"version-history":[{"count":1,"href":"https:\/\/caminsbalears.org\/ca\/wp-json\/wp\/v2\/posts\/4382\/revisions"}],"predecessor-version":[{"id":4383,"href":"https:\/\/caminsbalears.org\/ca\/wp-json\/wp\/v2\/posts\/4382\/revisions\/4383"}],"wp:featuredmedia":[{"embeddable":true,"href":"https:\/\/caminsbalears.org\/ca\/wp-json\/wp\/v2\/media\/4379"}],"wp:attachment":[{"href":"https:\/\/caminsbalears.org\/ca\/wp-json\/wp\/v2\/media?parent=4382"}],"wp:term":[{"taxonomy":"category","embeddable":true,"href":"https:\/\/caminsbalears.org\/ca\/wp-json\/wp\/v2\/categories?post=4382"},{"taxonomy":"post_tag","embeddable":true,"href":"https:\/\/caminsbalears.org\/ca\/wp-json\/wp\/v2\/tags?post=4382"}],"curies":[{"name":"wp","href":"https:\/\/api.w.org\/{rel}","templated":true}]}}