{"id":4355,"date":"2025-06-11T11:10:43","date_gmt":"2025-06-11T09:10:43","guid":{"rendered":"https:\/\/caminsbalears.org\/?p=4355"},"modified":"2025-06-11T11:13:54","modified_gmt":"2025-06-11T09:13:54","slug":"juan-antonio-esteban-rodriguez-rep-la-medalla-dhonor-del-col%c2%b7legi-denginyers-de-camins-canals-i-ports","status":"publish","type":"post","link":"https:\/\/caminsbalears.org\/ca\/juan-antonio-esteban-rodriguez-rep-la-medalla-dhonor-del-col%c2%b7legi-denginyers-de-camins-canals-i-ports\/","title":{"rendered":"Juan Antonio Esteban Rodr\u00edguez rep la medalla d&#8217;honor del Col\u00b7legi d&#8217;Enginyers de Camins, Canals i Ports"},"content":{"rendered":"<p>A proposta de la Junta rectora de la Demarcaci\u00f3 de Balears, el ex-deg\u00e0 de la citada demarcaci\u00f3, Juan Antonio Esteban, ha rebut aquesta setmana a Madrid de mans de Ricardo Mart\u00edn de Bustamante, vicepresident del Col\u00b7legi d&#8217;Enginyers de Camins, Canals i Ports, aquest guard\u00f3, per la seva destacada i notable traject\u00f2ria professional.<\/p>\n<p>El que fora deg\u00e0 del Col\u00b7legi de Camins, Canals i Ports de Balears des de 2014 fins a 2022, Juan Antonio Esteban, va rebre ahir a Madrid la concessi\u00f3 de la medalla d&#8217;honor 2025 de la citada entitat col\u00b7legial.<br \/>\nSegons Sara Lobato Rubio, actual degana de la demarcaci\u00f3 de Balears del CICCP, la concessi\u00f3 d&#8217;aquesta medalla d&#8217;honor a l&#8217;enginyer Juan Antonio Esteban, est\u00e0 m\u00e9s que justificada per la seva extensa traject\u00f2ria social i professional, que es tradueix per haver estat membre del comit\u00e8 executiu de la Fundaci\u00f3 Barcel\u00f3, patr\u00f3 de la Fundaci\u00f3 Educaci\u00f3 i Fam\u00edlia, director insular de Desenvolupament Local del Consell de Mallorca, delegat a Balears de l&#8217;empresa URBASER, delegat i cap d&#8217;obres de Dragados i t\u00e8cnic superior en el Centre d&#8217;Estudis i Experimentaci\u00f3 d&#8217;Obres P\u00fabliques (Ministeri de Foment).<\/p>\n","protected":false},"excerpt":{"rendered":"<p>A proposta de la Junta rectora de la Demarcaci\u00f3 de Balears, el ex-deg\u00e0 de la citada demarcaci\u00f3, Juan Antonio Esteban, ha rebut aquesta setmana a Madrid de mans de Ricardo Mart\u00edn de Bustamante, vicepresident del Col\u00b7legi d&#8217;Enginyers de Camins, Canals i Ports, aquest guard\u00f3, per la seva destacada i notable traject\u00f2ria professional. El que fora [&hellip;]<\/p>\n","protected":false},"author":306,"featured_media":4356,"comment_status":"open","ping_status":"open","sticky":false,"template":"","format":"standard","meta":{"footnotes":""},"categories":[29],"tags":[],"class_list":["post-4355","post","type-post","status-publish","format-standard","has-post-thumbnail","hentry","category-el-collegi-informa"],"_links":{"self":[{"href":"https:\/\/caminsbalears.org\/ca\/wp-json\/wp\/v2\/posts\/4355","targetHints":{"allow":["GET"]}}],"collection":[{"href":"https:\/\/caminsbalears.org\/ca\/wp-json\/wp\/v2\/posts"}],"about":[{"href":"https:\/\/caminsbalears.org\/ca\/wp-json\/wp\/v2\/types\/post"}],"author":[{"embeddable":true,"href":"https:\/\/caminsbalears.org\/ca\/wp-json\/wp\/v2\/users\/306"}],"replies":[{"embeddable":true,"href":"https:\/\/caminsbalears.org\/ca\/wp-json\/wp\/v2\/comments?post=4355"}],"version-history":[{"count":2,"href":"https:\/\/caminsbalears.org\/ca\/wp-json\/wp\/v2\/posts\/4355\/revisions"}],"predecessor-version":[{"id":4359,"href":"https:\/\/caminsbalears.org\/ca\/wp-json\/wp\/v2\/posts\/4355\/revisions\/4359"}],"wp:featuredmedia":[{"embeddable":true,"href":"https:\/\/caminsbalears.org\/ca\/wp-json\/wp\/v2\/media\/4356"}],"wp:attachment":[{"href":"https:\/\/caminsbalears.org\/ca\/wp-json\/wp\/v2\/media?parent=4355"}],"wp:term":[{"taxonomy":"category","embeddable":true,"href":"https:\/\/caminsbalears.org\/ca\/wp-json\/wp\/v2\/categories?post=4355"},{"taxonomy":"post_tag","embeddable":true,"href":"https:\/\/caminsbalears.org\/ca\/wp-json\/wp\/v2\/tags?post=4355"}],"curies":[{"name":"wp","href":"https:\/\/api.w.org\/{rel}","templated":true}]}}