{"id":4344,"date":"2025-05-22T10:43:16","date_gmt":"2025-05-22T08:43:16","guid":{"rendered":"https:\/\/caminsbalears.org\/?p=4344"},"modified":"2025-05-22T10:45:12","modified_gmt":"2025-05-22T08:45:12","slug":"jornada-dessalacio-21-maig-2025-2","status":"publish","type":"post","link":"https:\/\/caminsbalears.org\/ca\/jornada-dessalacio-21-maig-2025-2\/","title":{"rendered":"JORNADA DESSALACI\u00d3 21 MAIG 2025"},"content":{"rendered":"<p>Es va celebrar en el Espai Ibavi de Palma la Jornada T\u00e8cnica &#8220;La dessalaci\u00f3 a les illes. Solucions sostenibles per a una garantia de subministrament&#8221;<\/p>\n","protected":false},"excerpt":{"rendered":"<p>Es va celebrar en el Espai Ibavi de Palma la Jornada T\u00e8cnica &#8220;La dessalaci\u00f3 a les illes. Solucions sostenibles per a una garantia de subministrament&#8221;<\/p>\n","protected":false},"author":306,"featured_media":4345,"comment_status":"open","ping_status":"open","sticky":false,"template":"","format":"standard","meta":{"footnotes":""},"categories":[29],"tags":[],"class_list":["post-4344","post","type-post","status-publish","format-standard","has-post-thumbnail","hentry","category-el-collegi-informa"],"_links":{"self":[{"href":"https:\/\/caminsbalears.org\/ca\/wp-json\/wp\/v2\/posts\/4344","targetHints":{"allow":["GET"]}}],"collection":[{"href":"https:\/\/caminsbalears.org\/ca\/wp-json\/wp\/v2\/posts"}],"about":[{"href":"https:\/\/caminsbalears.org\/ca\/wp-json\/wp\/v2\/types\/post"}],"author":[{"embeddable":true,"href":"https:\/\/caminsbalears.org\/ca\/wp-json\/wp\/v2\/users\/306"}],"replies":[{"embeddable":true,"href":"https:\/\/caminsbalears.org\/ca\/wp-json\/wp\/v2\/comments?post=4344"}],"version-history":[{"count":2,"href":"https:\/\/caminsbalears.org\/ca\/wp-json\/wp\/v2\/posts\/4344\/revisions"}],"predecessor-version":[{"id":4348,"href":"https:\/\/caminsbalears.org\/ca\/wp-json\/wp\/v2\/posts\/4344\/revisions\/4348"}],"wp:featuredmedia":[{"embeddable":true,"href":"https:\/\/caminsbalears.org\/ca\/wp-json\/wp\/v2\/media\/4345"}],"wp:attachment":[{"href":"https:\/\/caminsbalears.org\/ca\/wp-json\/wp\/v2\/media?parent=4344"}],"wp:term":[{"taxonomy":"category","embeddable":true,"href":"https:\/\/caminsbalears.org\/ca\/wp-json\/wp\/v2\/categories?post=4344"},{"taxonomy":"post_tag","embeddable":true,"href":"https:\/\/caminsbalears.org\/ca\/wp-json\/wp\/v2\/tags?post=4344"}],"curies":[{"name":"wp","href":"https:\/\/api.w.org\/{rel}","templated":true}]}}