{"id":4338,"date":"2025-05-19T14:24:38","date_gmt":"2025-05-19T12:24:38","guid":{"rendered":"https:\/\/caminsbalears.org\/?p=4338"},"modified":"2025-05-19T14:27:39","modified_gmt":"2025-05-19T12:27:39","slug":"els-enginyers-de-camins-canals-i-ports-celebren-la-festa-del-seu-patro-santo-domingo-de-la-calzada","status":"publish","type":"post","link":"https:\/\/caminsbalears.org\/ca\/els-enginyers-de-camins-canals-i-ports-celebren-la-festa-del-seu-patro-santo-domingo-de-la-calzada\/","title":{"rendered":"Els Enginyers de Camins, Canals i Ports celebren la festa del seu Patr\u00f3, Santo Domingo de la Calzada."},"content":{"rendered":"<p>La Demarcaci\u00f3 de Balears del Col\u00b7legi d&#8217;Enginyers de Camins, Canals i Ports, va celebrar la seva festa del patr\u00f3, Santo Domingo de la Calzada, amb una trobada a estovalles en un conegut hotel del passeig mar\u00edtim de la capital Balear.<\/p>\n<p>Aquesta tradicional trobada social i professional, que se celebra cada any per aquestes dates, va servir perqu\u00e8 gaireb\u00e9 un centenar de col\u00b7legiats i col\u00b7legiades poguessin compartir en un ambient dist\u00e8s les seves experi\u00e8ncies professionals que, recordem, abasten tot all\u00f2 referit a les infraestructures, com s\u00f3n carreteres o ports, a m\u00e9s de depuradores i planificaci\u00f3 del territori, entre altres.<\/p>\n<p>Segons declaracions de la degana, Sara Lobato Rubio, aquest any aquesta trobada cobra encara m\u00e9s import\u00e0ncia pel fet que &#8220;ens trobem davant un escenari de falta generalitzada d&#8217;especialistes de l&#8217;enginyeria de camins en les quatre illes i, davant la necessitat que els enginyers siguin els t\u00e8cnics superiors competents de refer\u00e8ncia que han d&#8217;ocupar llocs de rellev\u00e0ncia professional en les administracions p\u00fabliques&#8221;.<\/p>\n","protected":false},"excerpt":{"rendered":"<p>La Demarcaci\u00f3 de Balears del Col\u00b7legi d&#8217;Enginyers de Camins, Canals i Ports, va celebrar la seva festa del patr\u00f3, Santo Domingo de la Calzada, amb una trobada a estovalles en un conegut hotel del passeig mar\u00edtim de la capital Balear. Aquesta tradicional trobada social i professional, que se celebra cada any per aquestes dates, va [&hellip;]<\/p>\n","protected":false},"author":306,"featured_media":4327,"comment_status":"open","ping_status":"open","sticky":false,"template":"","format":"standard","meta":{"footnotes":""},"categories":[29],"tags":[],"class_list":["post-4338","post","type-post","status-publish","format-standard","has-post-thumbnail","hentry","category-el-collegi-informa"],"_links":{"self":[{"href":"https:\/\/caminsbalears.org\/ca\/wp-json\/wp\/v2\/posts\/4338","targetHints":{"allow":["GET"]}}],"collection":[{"href":"https:\/\/caminsbalears.org\/ca\/wp-json\/wp\/v2\/posts"}],"about":[{"href":"https:\/\/caminsbalears.org\/ca\/wp-json\/wp\/v2\/types\/post"}],"author":[{"embeddable":true,"href":"https:\/\/caminsbalears.org\/ca\/wp-json\/wp\/v2\/users\/306"}],"replies":[{"embeddable":true,"href":"https:\/\/caminsbalears.org\/ca\/wp-json\/wp\/v2\/comments?post=4338"}],"version-history":[{"count":1,"href":"https:\/\/caminsbalears.org\/ca\/wp-json\/wp\/v2\/posts\/4338\/revisions"}],"predecessor-version":[{"id":4339,"href":"https:\/\/caminsbalears.org\/ca\/wp-json\/wp\/v2\/posts\/4338\/revisions\/4339"}],"wp:featuredmedia":[{"embeddable":true,"href":"https:\/\/caminsbalears.org\/ca\/wp-json\/wp\/v2\/media\/4327"}],"wp:attachment":[{"href":"https:\/\/caminsbalears.org\/ca\/wp-json\/wp\/v2\/media?parent=4338"}],"wp:term":[{"taxonomy":"category","embeddable":true,"href":"https:\/\/caminsbalears.org\/ca\/wp-json\/wp\/v2\/categories?post=4338"},{"taxonomy":"post_tag","embeddable":true,"href":"https:\/\/caminsbalears.org\/ca\/wp-json\/wp\/v2\/tags?post=4338"}],"curies":[{"name":"wp","href":"https:\/\/api.w.org\/{rel}","templated":true}]}}