{"id":4320,"date":"2025-05-06T11:00:05","date_gmt":"2025-05-06T09:00:05","guid":{"rendered":"https:\/\/caminsbalears.org\/?p=4320"},"modified":"2025-05-06T11:01:20","modified_gmt":"2025-05-06T09:01:20","slug":"jornada-dessalacio-21-maig-2025","status":"publish","type":"post","link":"https:\/\/caminsbalears.org\/ca\/jornada-dessalacio-21-maig-2025\/","title":{"rendered":"JORNADA DESSALACI\u00d3 21 MAIG 2025"},"content":{"rendered":"<p>El pr\u00f2xim 21 de maig se celebrar\u00e0 en el Espai Ibavi de Palma la Jornada T\u00e8cnica &#8220;La dessalaci\u00f3 a les illes. Solucions sostenibles per a una garantia de subministrament&#8221;<\/p>\n<p>Enlla\u00e7 d&#8217;inscripci\u00f3: <a href=\"https:\/\/forms.gle\/*R6KyFibZoTKZVrAm6\" target=\"_blank\" rel=\"noopener\" data-saferedirecturl=\"https:\/\/www.google.com\/url?q=https:\/\/forms.gle\/*R6KyFibZoTKZVrAm6&amp;source=gmail&amp;ust=1746606202302000&amp;usg=AOvVaw32KONxsgm59hcbma18oBwJ\">https:\/\/forms.gle\/*<wbr \/>R6KyFibZoTKZVrAm6<\/a><\/p>\n","protected":false},"excerpt":{"rendered":"<p>El pr\u00f2xim 21 de maig se celebrar\u00e0 en el Espai Ibavi de Palma la Jornada T\u00e8cnica &#8220;La dessalaci\u00f3 a les illes. Solucions sostenibles per a una garantia de subministrament&#8221; Enlla\u00e7 d&#8217;inscripci\u00f3: https:\/\/forms.gle\/*R6KyFibZoTKZVrAm6<\/p>\n","protected":false},"author":306,"featured_media":4321,"comment_status":"open","ping_status":"open","sticky":false,"template":"","format":"standard","meta":{"footnotes":""},"categories":[29],"tags":[],"class_list":["post-4320","post","type-post","status-publish","format-standard","has-post-thumbnail","hentry","category-el-collegi-informa"],"_links":{"self":[{"href":"https:\/\/caminsbalears.org\/ca\/wp-json\/wp\/v2\/posts\/4320","targetHints":{"allow":["GET"]}}],"collection":[{"href":"https:\/\/caminsbalears.org\/ca\/wp-json\/wp\/v2\/posts"}],"about":[{"href":"https:\/\/caminsbalears.org\/ca\/wp-json\/wp\/v2\/types\/post"}],"author":[{"embeddable":true,"href":"https:\/\/caminsbalears.org\/ca\/wp-json\/wp\/v2\/users\/306"}],"replies":[{"embeddable":true,"href":"https:\/\/caminsbalears.org\/ca\/wp-json\/wp\/v2\/comments?post=4320"}],"version-history":[{"count":1,"href":"https:\/\/caminsbalears.org\/ca\/wp-json\/wp\/v2\/posts\/4320\/revisions"}],"predecessor-version":[{"id":4323,"href":"https:\/\/caminsbalears.org\/ca\/wp-json\/wp\/v2\/posts\/4320\/revisions\/4323"}],"wp:featuredmedia":[{"embeddable":true,"href":"https:\/\/caminsbalears.org\/ca\/wp-json\/wp\/v2\/media\/4321"}],"wp:attachment":[{"href":"https:\/\/caminsbalears.org\/ca\/wp-json\/wp\/v2\/media?parent=4320"}],"wp:term":[{"taxonomy":"category","embeddable":true,"href":"https:\/\/caminsbalears.org\/ca\/wp-json\/wp\/v2\/categories?post=4320"},{"taxonomy":"post_tag","embeddable":true,"href":"https:\/\/caminsbalears.org\/ca\/wp-json\/wp\/v2\/tags?post=4320"}],"curies":[{"name":"wp","href":"https:\/\/api.w.org\/{rel}","templated":true}]}}