{"id":4307,"date":"2025-02-25T11:01:48","date_gmt":"2025-02-25T10:01:48","guid":{"rendered":"https:\/\/caminsbalears.org\/?p=4307"},"modified":"2025-02-25T11:03:05","modified_gmt":"2025-02-25T10:03:05","slug":"el-ciccpib-presenta-en-roda-informativa-per-quart-any-consecutiu-el-balanc-anual-de-lestat-i-previsions-sobre-les-infraestructures-de-mallorca","status":"publish","type":"post","link":"https:\/\/caminsbalears.org\/ca\/el-ciccpib-presenta-en-roda-informativa-per-quart-any-consecutiu-el-balanc-anual-de-lestat-i-previsions-sobre-les-infraestructures-de-mallorca\/","title":{"rendered":"El CICCPIB presenta en roda informativa, per quart any consecutiu, el balan\u00e7 anual de l&#8217;estat i previsions sobre les infraestructures de Mallorca."},"content":{"rendered":"<p>En un informe anual que es redacta anualment des de fa quatre anys, s&#8217;aborden tots aquells aspectes relatius a les infraestructures que s\u00f3n de responsabilitat professional dels enginyers de camins, canals i ports de Balears, aix\u00ed com altres q\u00fcestions relatives a l&#8217;exercici d&#8217;aquests professionals.<\/p>\n<p>Sara Lobato, Degana, juntament amb \u00c1ngel Mat\u00edas, Vicedeg\u00e0, donaran a con\u00e8ixer l&#8217;informe que, elaborat per la citada instituci\u00f3 col\u00b7legial, aborda totes aquelles infraestructures executades, en execuci\u00f3, el seu estat i les previsions de millores o de noves actuacions.<\/p>\n<p>&nbsp;<\/p>\n","protected":false},"excerpt":{"rendered":"<p>En un informe anual que es redacta anualment des de fa quatre anys, s&#8217;aborden tots aquells aspectes relatius a les infraestructures que s\u00f3n de responsabilitat professional dels enginyers de camins, canals i ports de Balears, aix\u00ed com altres q\u00fcestions relatives a l&#8217;exercici d&#8217;aquests professionals. Sara Lobato, Degana, juntament amb \u00c1ngel Mat\u00edas, Vicedeg\u00e0, donaran a con\u00e8ixer [&hellip;]<\/p>\n","protected":false},"author":306,"featured_media":4304,"comment_status":"open","ping_status":"open","sticky":false,"template":"","format":"standard","meta":{"footnotes":""},"categories":[29],"tags":[],"class_list":["post-4307","post","type-post","status-publish","format-standard","has-post-thumbnail","hentry","category-el-collegi-informa"],"_links":{"self":[{"href":"https:\/\/caminsbalears.org\/ca\/wp-json\/wp\/v2\/posts\/4307","targetHints":{"allow":["GET"]}}],"collection":[{"href":"https:\/\/caminsbalears.org\/ca\/wp-json\/wp\/v2\/posts"}],"about":[{"href":"https:\/\/caminsbalears.org\/ca\/wp-json\/wp\/v2\/types\/post"}],"author":[{"embeddable":true,"href":"https:\/\/caminsbalears.org\/ca\/wp-json\/wp\/v2\/users\/306"}],"replies":[{"embeddable":true,"href":"https:\/\/caminsbalears.org\/ca\/wp-json\/wp\/v2\/comments?post=4307"}],"version-history":[{"count":1,"href":"https:\/\/caminsbalears.org\/ca\/wp-json\/wp\/v2\/posts\/4307\/revisions"}],"predecessor-version":[{"id":4308,"href":"https:\/\/caminsbalears.org\/ca\/wp-json\/wp\/v2\/posts\/4307\/revisions\/4308"}],"wp:featuredmedia":[{"embeddable":true,"href":"https:\/\/caminsbalears.org\/ca\/wp-json\/wp\/v2\/media\/4304"}],"wp:attachment":[{"href":"https:\/\/caminsbalears.org\/ca\/wp-json\/wp\/v2\/media?parent=4307"}],"wp:term":[{"taxonomy":"category","embeddable":true,"href":"https:\/\/caminsbalears.org\/ca\/wp-json\/wp\/v2\/categories?post=4307"},{"taxonomy":"post_tag","embeddable":true,"href":"https:\/\/caminsbalears.org\/ca\/wp-json\/wp\/v2\/tags?post=4307"}],"curies":[{"name":"wp","href":"https:\/\/api.w.org\/{rel}","templated":true}]}}