{"id":4295,"date":"2024-12-19T11:58:42","date_gmt":"2024-12-19T10:58:42","guid":{"rendered":"https:\/\/caminsbalears.org\/?p=4295"},"modified":"2024-12-19T12:03:21","modified_gmt":"2024-12-19T11:03:21","slug":"primer-concurs-fotografia","status":"publish","type":"post","link":"https:\/\/caminsbalears.org\/ca\/primer-concurs-fotografia\/","title":{"rendered":"PRIMER CONCURS FOTOGRAFIA"},"content":{"rendered":"<p>Dimecres 18 de desembre es van lliurar els premis del 1r Concurs de Fotografia de la nostra Demarcaci\u00f3. L&#8217;esdeveniment s&#8217;ha realitzat a la seu amb l&#8217;assist\u00e8ncia dels premiats, col\u00b7legiats i<br \/>\npatrocinadors. Els premis han estat tres lots nadalencs com no podia ser d&#8217;una altra forma en aquestes dates.<\/p>\n<p>El primer premi amb el patrocini de MAPEI ha estat per a Ana Garc\u00eda Serrano ICCP Col\u00b7legiada: 14.184, amb la fotografia titulada Metroluz, presa el 24 de juliol de 2024, on es veu el Fals t\u00fanel, murs pantalla i plaques alveolars com a llosa superior d&#8217;un Tram t\u00fanel Ampliaci\u00f3 l\u00ednia 1 de metre de Serveis Ferroviaris de Mallorca des de la UIB fins al ParcBit, actualment en execuci\u00f3.<\/p>\n<p>El segon premi amb el patrocini de PARROT CONSTRUCCI\u00d3 ha estat per a Antoni Joan Salas Cantarellas Col\u00b7legiat: 19.015, amb la fotografia titulada Fugida, presa el 01\/12\/2023, on s&#8217;observa el tauler de pont d&#8217;una l&#8217;estructura mixta de la Dt.-1 Enlla\u00e7 Sortida 17, Santa Pon\u00e7a.<\/p>\n<p>El tercer premi amb el patrocini del BANC CBNK ha estat per a Joan Morro Mart\u00ed, ICCP Col\u00b7legiat: 20.468, amb la fotografia titulada Cad\u00e8ncies, presa el 14\/04\/2021, on es pot observar l&#8217;aspecte que presentava una de les naus de la planta de tractament i valoritzaci\u00f3 de RSU \u201c\u00c9s Mil\u00e0\u201d de Menorca durant la seva execuci\u00f3.<\/p>\n","protected":false},"excerpt":{"rendered":"<p>Dimecres 18 de desembre es van lliurar els premis del 1r Concurs de Fotografia de la nostra Demarcaci\u00f3. L&#8217;esdeveniment s&#8217;ha realitzat a la seu amb l&#8217;assist\u00e8ncia dels premiats, col\u00b7legiats i patrocinadors. Els premis han estat tres lots nadalencs com no podia ser d&#8217;una altra forma en aquestes dates. El primer premi amb el patrocini de [&hellip;]<\/p>\n","protected":false},"author":306,"featured_media":4298,"comment_status":"open","ping_status":"open","sticky":false,"template":"","format":"standard","meta":{"footnotes":""},"categories":[29],"tags":[],"class_list":["post-4295","post","type-post","status-publish","format-standard","has-post-thumbnail","hentry","category-el-collegi-informa"],"_links":{"self":[{"href":"https:\/\/caminsbalears.org\/ca\/wp-json\/wp\/v2\/posts\/4295","targetHints":{"allow":["GET"]}}],"collection":[{"href":"https:\/\/caminsbalears.org\/ca\/wp-json\/wp\/v2\/posts"}],"about":[{"href":"https:\/\/caminsbalears.org\/ca\/wp-json\/wp\/v2\/types\/post"}],"author":[{"embeddable":true,"href":"https:\/\/caminsbalears.org\/ca\/wp-json\/wp\/v2\/users\/306"}],"replies":[{"embeddable":true,"href":"https:\/\/caminsbalears.org\/ca\/wp-json\/wp\/v2\/comments?post=4295"}],"version-history":[{"count":1,"href":"https:\/\/caminsbalears.org\/ca\/wp-json\/wp\/v2\/posts\/4295\/revisions"}],"predecessor-version":[{"id":4300,"href":"https:\/\/caminsbalears.org\/ca\/wp-json\/wp\/v2\/posts\/4295\/revisions\/4300"}],"wp:featuredmedia":[{"embeddable":true,"href":"https:\/\/caminsbalears.org\/ca\/wp-json\/wp\/v2\/media\/4298"}],"wp:attachment":[{"href":"https:\/\/caminsbalears.org\/ca\/wp-json\/wp\/v2\/media?parent=4295"}],"wp:term":[{"taxonomy":"category","embeddable":true,"href":"https:\/\/caminsbalears.org\/ca\/wp-json\/wp\/v2\/categories?post=4295"},{"taxonomy":"post_tag","embeddable":true,"href":"https:\/\/caminsbalears.org\/ca\/wp-json\/wp\/v2\/tags?post=4295"}],"curies":[{"name":"wp","href":"https:\/\/api.w.org\/{rel}","templated":true}]}}