{"id":4255,"date":"2024-06-18T11:26:19","date_gmt":"2024-06-18T09:26:19","guid":{"rendered":"https:\/\/caminsbalears.org\/?p=4255"},"modified":"2024-06-18T11:28:07","modified_gmt":"2024-06-18T09:28:07","slug":"acte-electoral-avanzar-mas","status":"publish","type":"post","link":"https:\/\/caminsbalears.org\/ca\/acte-electoral-avanzar-mas\/","title":{"rendered":"ACTE ELECTORAL &#8211; Avanzar Mas"},"content":{"rendered":"<p>La candidatura Avanzar M\u00e1s de Miguel Angel Carrillo i Mart\u00edn Bustamante realitzaran un acte electoral de manera telem\u00e0tica per al sector de jubilats de la Demarcaci\u00f3 dilluns que ve 8 de juliol de 10.00 a 11:30h, si no podeu venir a la Demarcaci\u00f3 podeu connectar-vos en el seg\u00fcent enlla\u00e7: meet.google.com\/bwo-fsan-idn<\/p>\n","protected":false},"excerpt":{"rendered":"<p>La candidatura Avanzar M\u00e1s de Miguel Angel Carrillo i Mart\u00edn Bustamante realitzaran un acte electoral de manera telem\u00e0tica per al sector de jubilats de la Demarcaci\u00f3 dilluns que ve 8 de juliol de 10.00 a 11:30h, si no podeu venir a la Demarcaci\u00f3 podeu connectar-vos en el seg\u00fcent enlla\u00e7: meet.google.com\/bwo-fsan-idn<\/p>\n","protected":false},"author":306,"featured_media":4211,"comment_status":"open","ping_status":"open","sticky":false,"template":"","format":"standard","meta":{"footnotes":""},"categories":[29],"tags":[],"class_list":["post-4255","post","type-post","status-publish","format-standard","has-post-thumbnail","hentry","category-el-collegi-informa"],"_links":{"self":[{"href":"https:\/\/caminsbalears.org\/ca\/wp-json\/wp\/v2\/posts\/4255","targetHints":{"allow":["GET"]}}],"collection":[{"href":"https:\/\/caminsbalears.org\/ca\/wp-json\/wp\/v2\/posts"}],"about":[{"href":"https:\/\/caminsbalears.org\/ca\/wp-json\/wp\/v2\/types\/post"}],"author":[{"embeddable":true,"href":"https:\/\/caminsbalears.org\/ca\/wp-json\/wp\/v2\/users\/306"}],"replies":[{"embeddable":true,"href":"https:\/\/caminsbalears.org\/ca\/wp-json\/wp\/v2\/comments?post=4255"}],"version-history":[{"count":1,"href":"https:\/\/caminsbalears.org\/ca\/wp-json\/wp\/v2\/posts\/4255\/revisions"}],"predecessor-version":[{"id":4256,"href":"https:\/\/caminsbalears.org\/ca\/wp-json\/wp\/v2\/posts\/4255\/revisions\/4256"}],"wp:featuredmedia":[{"embeddable":true,"href":"https:\/\/caminsbalears.org\/ca\/wp-json\/wp\/v2\/media\/4211"}],"wp:attachment":[{"href":"https:\/\/caminsbalears.org\/ca\/wp-json\/wp\/v2\/media?parent=4255"}],"wp:term":[{"taxonomy":"category","embeddable":true,"href":"https:\/\/caminsbalears.org\/ca\/wp-json\/wp\/v2\/categories?post=4255"},{"taxonomy":"post_tag","embeddable":true,"href":"https:\/\/caminsbalears.org\/ca\/wp-json\/wp\/v2\/tags?post=4255"}],"curies":[{"name":"wp","href":"https:\/\/api.w.org\/{rel}","templated":true}]}}