{"id":4239,"date":"2024-05-30T11:08:56","date_gmt":"2024-05-30T09:08:56","guid":{"rendered":"https:\/\/caminsbalears.org\/?p=4239"},"modified":"2024-05-30T11:12:01","modified_gmt":"2024-05-30T09:12:01","slug":"palma-seu-de-la-reunio-nacional-del-president-i-els-degans-del-col%c2%b7legi-denginyers-de-camins-canals-i-ports","status":"publish","type":"post","link":"https:\/\/caminsbalears.org\/ca\/palma-seu-de-la-reunio-nacional-del-president-i-els-degans-del-col%c2%b7legi-denginyers-de-camins-canals-i-ports\/","title":{"rendered":"Palma, seu de la reuni\u00f3 nacional del President i els Degans del Col\u00b7legi d&#8217;Enginyers de Camins, Canals i Ports"},"content":{"rendered":"<p>30 de maig de 2024 i sota l&#8217;actual Presid\u00e8ncia de Miguel \u00c1ngel Carrillo, els Degans del citat Col\u00b7legi estan celebrant la seva reuni\u00f3 nacional en la seu de l&#8217;Autoritat Portu\u00e0ria de Balears, que ha cedit per a tal ocasi\u00f3 una sala de juntes.<br \/>\nDespr\u00e9s de la reuni\u00f3, est\u00e0 prevista una recepci\u00f3 en la pr\u00f2pia seu de l&#8217;Autoritat Portu\u00e0ria de Balears per part del seu President, Javier Sanz, i el seu Director, Antoni Ginard.<br \/>\nEl president i els degans de la citada entitat col\u00b7legial, aprofitaran la seva estada a Palma per a con\u00e8ixer de primera m\u00e0 el projecte de la remodelaci\u00f3 del Passeig Mar\u00edtim de Palma. Per a tal prop\u00f2sit, el director de l&#8217;Autoritat Portu\u00e0ria de Balears, far\u00e0 una breu exposici\u00f3 del projecte, per a seguidament, realitzar una visita a les obres.<br \/>\nPer a Sara Lobato Rubio, Degana de la Demarcaci\u00f3 de Balears del Col\u00b7legi d&#8217;Enginyers de Camins, aquestes obres suposaran canviar el paradigma de la interacci\u00f3 del port amb la ciutat, estructurades en el sentit d&#8217;adaptar-se a la societat, quant a la manera d&#8217;entendre els espais, \u00e9s a dir, des de la industrialitzaci\u00f3 a l&#8217;esplai.<\/p>\n","protected":false},"excerpt":{"rendered":"<p>30 de maig de 2024 i sota l&#8217;actual Presid\u00e8ncia de Miguel \u00c1ngel Carrillo, els Degans del citat Col\u00b7legi estan celebrant la seva reuni\u00f3 nacional en la seu de l&#8217;Autoritat Portu\u00e0ria de Balears, que ha cedit per a tal ocasi\u00f3 una sala de juntes. Despr\u00e9s de la reuni\u00f3, est\u00e0 prevista una recepci\u00f3 en la pr\u00f2pia seu [&hellip;]<\/p>\n","protected":false},"author":306,"featured_media":4240,"comment_status":"open","ping_status":"open","sticky":false,"template":"","format":"standard","meta":{"footnotes":""},"categories":[29],"tags":[],"class_list":["post-4239","post","type-post","status-publish","format-standard","has-post-thumbnail","hentry","category-el-collegi-informa"],"_links":{"self":[{"href":"https:\/\/caminsbalears.org\/ca\/wp-json\/wp\/v2\/posts\/4239","targetHints":{"allow":["GET"]}}],"collection":[{"href":"https:\/\/caminsbalears.org\/ca\/wp-json\/wp\/v2\/posts"}],"about":[{"href":"https:\/\/caminsbalears.org\/ca\/wp-json\/wp\/v2\/types\/post"}],"author":[{"embeddable":true,"href":"https:\/\/caminsbalears.org\/ca\/wp-json\/wp\/v2\/users\/306"}],"replies":[{"embeddable":true,"href":"https:\/\/caminsbalears.org\/ca\/wp-json\/wp\/v2\/comments?post=4239"}],"version-history":[{"count":1,"href":"https:\/\/caminsbalears.org\/ca\/wp-json\/wp\/v2\/posts\/4239\/revisions"}],"predecessor-version":[{"id":4242,"href":"https:\/\/caminsbalears.org\/ca\/wp-json\/wp\/v2\/posts\/4239\/revisions\/4242"}],"wp:featuredmedia":[{"embeddable":true,"href":"https:\/\/caminsbalears.org\/ca\/wp-json\/wp\/v2\/media\/4240"}],"wp:attachment":[{"href":"https:\/\/caminsbalears.org\/ca\/wp-json\/wp\/v2\/media?parent=4239"}],"wp:term":[{"taxonomy":"category","embeddable":true,"href":"https:\/\/caminsbalears.org\/ca\/wp-json\/wp\/v2\/categories?post=4239"},{"taxonomy":"post_tag","embeddable":true,"href":"https:\/\/caminsbalears.org\/ca\/wp-json\/wp\/v2\/tags?post=4239"}],"curies":[{"name":"wp","href":"https:\/\/api.w.org\/{rel}","templated":true}]}}