{"id":4218,"date":"2024-04-15T12:01:35","date_gmt":"2024-04-15T10:01:35","guid":{"rendered":"https:\/\/caminsbalears.org\/?p=4218"},"modified":"2024-04-15T12:01:35","modified_gmt":"2024-04-15T10:01:35","slug":"visita","status":"publish","type":"post","link":"https:\/\/caminsbalears.org\/ca\/visita\/","title":{"rendered":"Visita"},"content":{"rendered":"<p>Visita al port d&#8217;Eivissa \u00a0del Col\u00b7legi d&#8217;Arquitectes d&#8217;Alacant i el Col\u00b7legi d&#8217;Enginyers de Camins de la Comunitat Valenciana, acompanyats d&#8217;alguns membres dels Col\u00b7legis d&#8217;Arquitectes i Enginyers de Camins de les Balears, que es troben fent un viatge professional per con\u00e8ixer Eivissa i Formentera i estr\u00e8nyer lligams.<\/p>\n<p>El delegat de l&#8217;APB a Eivissa i Formentera, Ignacio Revilla, i el cap de Divisi\u00f3 de Projectes i Obres de l&#8217;APB, Joaqu\u00edn Jim\u00e9nez, els van oferir una visita t\u00e8cnica per la nova Estaci\u00f3 Mar\u00edtima de Botafoc.<\/p>\n","protected":false},"excerpt":{"rendered":"<p>Visita al port d&#8217;Eivissa \u00a0del Col\u00b7legi d&#8217;Arquitectes d&#8217;Alacant i el Col\u00b7legi d&#8217;Enginyers de Camins de la Comunitat Valenciana, acompanyats d&#8217;alguns membres dels Col\u00b7legis d&#8217;Arquitectes i Enginyers de Camins de les Balears, que es troben fent un viatge professional per con\u00e8ixer Eivissa i Formentera i estr\u00e8nyer lligams. El delegat de l&#8217;APB a Eivissa i Formentera, Ignacio [&hellip;]<\/p>\n","protected":false},"author":306,"featured_media":4219,"comment_status":"open","ping_status":"open","sticky":false,"template":"","format":"standard","meta":{"footnotes":""},"categories":[29],"tags":[],"class_list":["post-4218","post","type-post","status-publish","format-standard","has-post-thumbnail","hentry","category-el-collegi-informa"],"_links":{"self":[{"href":"https:\/\/caminsbalears.org\/ca\/wp-json\/wp\/v2\/posts\/4218","targetHints":{"allow":["GET"]}}],"collection":[{"href":"https:\/\/caminsbalears.org\/ca\/wp-json\/wp\/v2\/posts"}],"about":[{"href":"https:\/\/caminsbalears.org\/ca\/wp-json\/wp\/v2\/types\/post"}],"author":[{"embeddable":true,"href":"https:\/\/caminsbalears.org\/ca\/wp-json\/wp\/v2\/users\/306"}],"replies":[{"embeddable":true,"href":"https:\/\/caminsbalears.org\/ca\/wp-json\/wp\/v2\/comments?post=4218"}],"version-history":[{"count":1,"href":"https:\/\/caminsbalears.org\/ca\/wp-json\/wp\/v2\/posts\/4218\/revisions"}],"predecessor-version":[{"id":4221,"href":"https:\/\/caminsbalears.org\/ca\/wp-json\/wp\/v2\/posts\/4218\/revisions\/4221"}],"wp:featuredmedia":[{"embeddable":true,"href":"https:\/\/caminsbalears.org\/ca\/wp-json\/wp\/v2\/media\/4219"}],"wp:attachment":[{"href":"https:\/\/caminsbalears.org\/ca\/wp-json\/wp\/v2\/media?parent=4218"}],"wp:term":[{"taxonomy":"category","embeddable":true,"href":"https:\/\/caminsbalears.org\/ca\/wp-json\/wp\/v2\/categories?post=4218"},{"taxonomy":"post_tag","embeddable":true,"href":"https:\/\/caminsbalears.org\/ca\/wp-json\/wp\/v2\/tags?post=4218"}],"curies":[{"name":"wp","href":"https:\/\/api.w.org\/{rel}","templated":true}]}}