{"id":4192,"date":"2024-03-07T16:24:43","date_gmt":"2024-03-07T15:24:43","guid":{"rendered":"https:\/\/caminsbalears.org\/?p=4192"},"modified":"2024-03-07T16:24:43","modified_gmt":"2024-03-07T15:24:43","slug":"jose-antonio-fayas-rep-el-premi-ramon-llull","status":"publish","type":"post","link":"https:\/\/caminsbalears.org\/ca\/jose-antonio-fayas-rep-el-premi-ramon-llull\/","title":{"rendered":"Jos\u00e9 Antonio Fayas rep el premi Ramon Llull"},"content":{"rendered":"<p>L&#8217;enginyer mahon\u00e9s Jos\u00e9 Antonio Fayas ha rebut el premi Ramon Llull per la seva contribuci\u00f3 en la gesti\u00f3 dels recursos h\u00eddrics i del cicle de l&#8217;aigua.<\/p>\n","protected":false},"excerpt":{"rendered":"<p>L&#8217;enginyer mahon\u00e9s Jos\u00e9 Antonio Fayas ha rebut el premi Ramon Llull per la seva contribuci\u00f3 en la gesti\u00f3 dels recursos h\u00eddrics i del cicle de l&#8217;aigua.<\/p>\n","protected":false},"author":306,"featured_media":4190,"comment_status":"open","ping_status":"open","sticky":false,"template":"","format":"standard","meta":{"footnotes":""},"categories":[29],"tags":[],"class_list":["post-4192","post","type-post","status-publish","format-standard","has-post-thumbnail","hentry","category-el-collegi-informa"],"_links":{"self":[{"href":"https:\/\/caminsbalears.org\/ca\/wp-json\/wp\/v2\/posts\/4192","targetHints":{"allow":["GET"]}}],"collection":[{"href":"https:\/\/caminsbalears.org\/ca\/wp-json\/wp\/v2\/posts"}],"about":[{"href":"https:\/\/caminsbalears.org\/ca\/wp-json\/wp\/v2\/types\/post"}],"author":[{"embeddable":true,"href":"https:\/\/caminsbalears.org\/ca\/wp-json\/wp\/v2\/users\/306"}],"replies":[{"embeddable":true,"href":"https:\/\/caminsbalears.org\/ca\/wp-json\/wp\/v2\/comments?post=4192"}],"version-history":[{"count":1,"href":"https:\/\/caminsbalears.org\/ca\/wp-json\/wp\/v2\/posts\/4192\/revisions"}],"predecessor-version":[{"id":4193,"href":"https:\/\/caminsbalears.org\/ca\/wp-json\/wp\/v2\/posts\/4192\/revisions\/4193"}],"wp:featuredmedia":[{"embeddable":true,"href":"https:\/\/caminsbalears.org\/ca\/wp-json\/wp\/v2\/media\/4190"}],"wp:attachment":[{"href":"https:\/\/caminsbalears.org\/ca\/wp-json\/wp\/v2\/media?parent=4192"}],"wp:term":[{"taxonomy":"category","embeddable":true,"href":"https:\/\/caminsbalears.org\/ca\/wp-json\/wp\/v2\/categories?post=4192"},{"taxonomy":"post_tag","embeddable":true,"href":"https:\/\/caminsbalears.org\/ca\/wp-json\/wp\/v2\/tags?post=4192"}],"curies":[{"name":"wp","href":"https:\/\/api.w.org\/{rel}","templated":true}]}}