{"id":4165,"date":"2024-01-09T12:16:48","date_gmt":"2024-01-09T11:16:48","guid":{"rendered":"https:\/\/caminsbalears.org\/?p=4165"},"modified":"2024-01-09T12:19:12","modified_gmt":"2024-01-09T11:19:12","slug":"visita-a-lajuntament-de-palma","status":"publish","type":"post","link":"https:\/\/caminsbalears.org\/ca\/visita-a-lajuntament-de-palma\/","title":{"rendered":"Visita a l&#8217;Ajuntament de Palma"},"content":{"rendered":"<p>Visita del Vicedeg\u00e0 Antoni Ginard, i el Secretari Alejandro Asensi, a l&#8217;alcalde de Palma Jaime Mart\u00ednez, i \u00d3scar Fidalgo, Regidor Urbanisme, Habitatge i Projectes Estrat\u00e8gics, i Bel\u00e9n Soto, Regidora d&#8217;Infraestructures i Accessibilitat, per a tractar temes del nostre col\u00b7lectiu.<\/p>\n","protected":false},"excerpt":{"rendered":"<p>Visita del Vicedeg\u00e0 Antoni Ginard, i el Secretari Alejandro Asensi, a l&#8217;alcalde de Palma Jaime Mart\u00ednez, i \u00d3scar Fidalgo, Regidor Urbanisme, Habitatge i Projectes Estrat\u00e8gics, i Bel\u00e9n Soto, Regidora d&#8217;Infraestructures i Accessibilitat, per a tractar temes del nostre col\u00b7lectiu.<\/p>\n","protected":false},"author":306,"featured_media":4163,"comment_status":"open","ping_status":"open","sticky":false,"template":"","format":"standard","meta":{"footnotes":""},"categories":[29],"tags":[],"class_list":["post-4165","post","type-post","status-publish","format-standard","has-post-thumbnail","hentry","category-el-collegi-informa"],"_links":{"self":[{"href":"https:\/\/caminsbalears.org\/ca\/wp-json\/wp\/v2\/posts\/4165","targetHints":{"allow":["GET"]}}],"collection":[{"href":"https:\/\/caminsbalears.org\/ca\/wp-json\/wp\/v2\/posts"}],"about":[{"href":"https:\/\/caminsbalears.org\/ca\/wp-json\/wp\/v2\/types\/post"}],"author":[{"embeddable":true,"href":"https:\/\/caminsbalears.org\/ca\/wp-json\/wp\/v2\/users\/306"}],"replies":[{"embeddable":true,"href":"https:\/\/caminsbalears.org\/ca\/wp-json\/wp\/v2\/comments?post=4165"}],"version-history":[{"count":1,"href":"https:\/\/caminsbalears.org\/ca\/wp-json\/wp\/v2\/posts\/4165\/revisions"}],"predecessor-version":[{"id":4166,"href":"https:\/\/caminsbalears.org\/ca\/wp-json\/wp\/v2\/posts\/4165\/revisions\/4166"}],"wp:featuredmedia":[{"embeddable":true,"href":"https:\/\/caminsbalears.org\/ca\/wp-json\/wp\/v2\/media\/4163"}],"wp:attachment":[{"href":"https:\/\/caminsbalears.org\/ca\/wp-json\/wp\/v2\/media?parent=4165"}],"wp:term":[{"taxonomy":"category","embeddable":true,"href":"https:\/\/caminsbalears.org\/ca\/wp-json\/wp\/v2\/categories?post=4165"},{"taxonomy":"post_tag","embeddable":true,"href":"https:\/\/caminsbalears.org\/ca\/wp-json\/wp\/v2\/tags?post=4165"}],"curies":[{"name":"wp","href":"https:\/\/api.w.org\/{rel}","templated":true}]}}