{"id":4135,"date":"2023-09-29T09:49:04","date_gmt":"2023-09-29T07:49:04","guid":{"rendered":"https:\/\/caminsbalears.org\/?p=4135"},"modified":"2023-09-29T09:53:36","modified_gmt":"2023-09-29T07:53:36","slug":"visites","status":"publish","type":"post","link":"https:\/\/caminsbalears.org\/ca\/visites\/","title":{"rendered":"Visites"},"content":{"rendered":"<p>La degana, vicedeg\u00e0, secretari i diferents membres de la junta van visitar dimecres passat a la Directora General de Mobilitat del Govern Lorena de Valle a la qual presentem el col\u00b7legi, repassarem els projectes de la legislatura, normativa a revisar i les places del funcionariat de la direcci\u00f3 general, posteriorment visitarem a la Consellera de Presid\u00e8ncia i Administracions P\u00fabliques, Maria Antonia Estarellas, amb la qual repassarem els recursos interposats pel col\u00b7legi, reivindicarem m\u00e9s places per al nostre col\u00b7lectiu i la renovaci\u00f3 dels bolsines actuals, finalment ens varem reunir amb el conseller de la Mar i del Cicle de l&#8217;Aigua, Juan Manuel Lafuente i el Director General de Ports i Transport Mar\u00edtim, Antonio Mercant, els demanarem que tinguessin en compte als Enginyers de Camins a les places de nova creaci\u00f3 de la DG de Costes i Litoral, els vam oferir la nostra col\u00b7laboraci\u00f3 en labors de formaci\u00f3 i poder ajudar mitjan\u00e7ant un conveni a agilitzar la tramitaci\u00f3 dels expedients a informar a Recursos Hidr\u00edcs.<\/p>\n","protected":false},"excerpt":{"rendered":"<p>La degana, vicedeg\u00e0, secretari i diferents membres de la junta van visitar dimecres passat a la Directora General de Mobilitat del Govern Lorena de Valle a la qual presentem el col\u00b7legi, repassarem els projectes de la legislatura, normativa a revisar i les places del funcionariat de la direcci\u00f3 general, posteriorment visitarem a la Consellera de [&hellip;]<\/p>\n","protected":false},"author":306,"featured_media":4133,"comment_status":"open","ping_status":"open","sticky":false,"template":"","format":"standard","meta":{"footnotes":""},"categories":[29],"tags":[],"class_list":["post-4135","post","type-post","status-publish","format-standard","has-post-thumbnail","hentry","category-el-collegi-informa"],"_links":{"self":[{"href":"https:\/\/caminsbalears.org\/ca\/wp-json\/wp\/v2\/posts\/4135","targetHints":{"allow":["GET"]}}],"collection":[{"href":"https:\/\/caminsbalears.org\/ca\/wp-json\/wp\/v2\/posts"}],"about":[{"href":"https:\/\/caminsbalears.org\/ca\/wp-json\/wp\/v2\/types\/post"}],"author":[{"embeddable":true,"href":"https:\/\/caminsbalears.org\/ca\/wp-json\/wp\/v2\/users\/306"}],"replies":[{"embeddable":true,"href":"https:\/\/caminsbalears.org\/ca\/wp-json\/wp\/v2\/comments?post=4135"}],"version-history":[{"count":1,"href":"https:\/\/caminsbalears.org\/ca\/wp-json\/wp\/v2\/posts\/4135\/revisions"}],"predecessor-version":[{"id":4136,"href":"https:\/\/caminsbalears.org\/ca\/wp-json\/wp\/v2\/posts\/4135\/revisions\/4136"}],"wp:featuredmedia":[{"embeddable":true,"href":"https:\/\/caminsbalears.org\/ca\/wp-json\/wp\/v2\/media\/4133"}],"wp:attachment":[{"href":"https:\/\/caminsbalears.org\/ca\/wp-json\/wp\/v2\/media?parent=4135"}],"wp:term":[{"taxonomy":"category","embeddable":true,"href":"https:\/\/caminsbalears.org\/ca\/wp-json\/wp\/v2\/categories?post=4135"},{"taxonomy":"post_tag","embeddable":true,"href":"https:\/\/caminsbalears.org\/ca\/wp-json\/wp\/v2\/tags?post=4135"}],"curies":[{"name":"wp","href":"https:\/\/api.w.org\/{rel}","templated":true}]}}