{"id":3683,"date":"2017-05-03T11:45:41","date_gmt":"2017-05-03T11:45:41","guid":{"rendered":"http:\/\/caminsbalears.org\/el-colegio-de-ingenieros-de-caminos-canales-y-puertos-advierte-de-la-oferta-de-puestos-de-trabajo-retribuidos-por-debajo-del-convenio\/"},"modified":"2023-03-09T11:18:44","modified_gmt":"2023-03-09T11:18:44","slug":"el-colegio-de-ingenieros-de-caminos-canales-y-puertos-advierte-de-la-oferta-de-puestos-de-trabajo-retribuidos-por-debajo-del-convenio","status":"publish","type":"post","link":"https:\/\/caminsbalears.org\/ca\/el-colegio-de-ingenieros-de-caminos-canales-y-puertos-advierte-de-la-oferta-de-puestos-de-trabajo-retribuidos-por-debajo-del-convenio\/","title":{"rendered":"El Col\u00b7legi adverteix de l\u2019oferta de llocs de treball retribu\u00efts per sota del conveni"},"content":{"rendered":"<p><strong>Les Enginyeries T\u00e8cniques s\u00f3n professions restringides a una especialitat concreta.<\/strong><\/p>\n<p>El Col\u00b7legi d&#8217;Enginyers de Camins, Canals i Ports ha advertit al Conseller de Treball de les Illes Balears, Iago Negueruela, de l&#8217;oferta de llocs de treball oferts a enginyers superiors retribu\u00efts a 22.000 euros anuals, quantitat que se situa per sota del conveni laboral de la professi\u00f3.<\/p>\n<p>El deg\u00e0 del Col\u00b7legi valora positivament la reuni\u00f3 despr\u00e9s de constatar &#8220;la disponibilitat del conseller a investigar aquestes ofertes, i la informaci\u00f3 facilitada sobre la futura llei d&#8217;Ind\u00fastria, el Pla d&#8217;Ind\u00fastria, i l&#8217;oferta de llocs de treballs per a recent llicenciats&#8221;<\/p>\n<p>L&#8217;intercanvi d&#8217;informaci\u00f3 ha tingut lloc durant una reuni\u00f3 mantinguda a la seu de la conselleria de Treball, a Palma, a la qual han assistit el deg\u00e0 del Col\u00b7legi, Joan Antoni Esteve i el secretari de l&#8217;entitat, Alejandro Asensio, tots dos en representaci\u00f3 de la Junta del Col\u00b7legi professional.<\/p>\n<p>Esteban ha valorat positivament la resposta del conseller, ja que &#8220;ens ha sol\u00b7licitat informaci\u00f3 per investigar aquest tipus de pr\u00e0ctiques, i s&#8217;ha posat a la nostra disposici\u00f3&#8221;. De la mateixa manera, en relaci\u00f3 tamb\u00e9 a la situaci\u00f3 laboral de la professi\u00f3, Esteban ha rebut de bon grat que la conselleria tingui prevista la contractaci\u00f3 d&#8217;Enginyers de Camins, Canals i Ports recent llicenciats a trav\u00e9s d&#8217;una borsa de treball de Ports dels Illes Balears.<\/p>\n<p>D&#8217;altra banda, la Conselleria ha facilitat informaci\u00f3 al Col\u00b7legi sobre els esborranys de la llei d&#8217;Ind\u00fastria i del Pla Estrat\u00e8gic Industrial, que actualment es troben tramitant-se, sent analitzats tant pels partits representats al Parlament, com per les entitats representants de la societat civil. En aquest sentit, el Col\u00b7legi ha valorat positivament la intenci\u00f3 de potenciar el sector n\u00e0utic i els serveis portuaris.<\/p>\n<p>Foto: Alejandro Asensi, a l&#8217;esquerra, i Juan Antonio Esteban, a la dreta, amb el conseller en el centre, i la directora general.<\/p>\n","protected":false},"excerpt":{"rendered":"<p>Les Enginyeries T\u00e8cniques s\u00f3n professions restringides a una especialitat concreta. El Col\u00b7legi d&#8217;Enginyers de Camins, Canals i Ports ha advertit al Conseller de Treball de les Illes Balears, Iago Negueruela, de l&#8217;oferta de llocs de treball oferts a enginyers superiors retribu\u00efts a 22.000 euros anuals, quantitat que se situa per sota del conveni laboral de [&hellip;]<\/p>\n","protected":false},"author":2,"featured_media":0,"comment_status":"closed","ping_status":"open","sticky":false,"template":"","format":"standard","meta":{"footnotes":""},"categories":[29],"tags":[],"class_list":["post-3683","post","type-post","status-publish","format-standard","hentry","category-el-collegi-informa"],"_links":{"self":[{"href":"https:\/\/caminsbalears.org\/ca\/wp-json\/wp\/v2\/posts\/3683","targetHints":{"allow":["GET"]}}],"collection":[{"href":"https:\/\/caminsbalears.org\/ca\/wp-json\/wp\/v2\/posts"}],"about":[{"href":"https:\/\/caminsbalears.org\/ca\/wp-json\/wp\/v2\/types\/post"}],"author":[{"embeddable":true,"href":"https:\/\/caminsbalears.org\/ca\/wp-json\/wp\/v2\/users\/2"}],"replies":[{"embeddable":true,"href":"https:\/\/caminsbalears.org\/ca\/wp-json\/wp\/v2\/comments?post=3683"}],"version-history":[{"count":1,"href":"https:\/\/caminsbalears.org\/ca\/wp-json\/wp\/v2\/posts\/3683\/revisions"}],"predecessor-version":[{"id":3684,"href":"https:\/\/caminsbalears.org\/ca\/wp-json\/wp\/v2\/posts\/3683\/revisions\/3684"}],"wp:attachment":[{"href":"https:\/\/caminsbalears.org\/ca\/wp-json\/wp\/v2\/media?parent=3683"}],"wp:term":[{"taxonomy":"category","embeddable":true,"href":"https:\/\/caminsbalears.org\/ca\/wp-json\/wp\/v2\/categories?post=3683"},{"taxonomy":"post_tag","embeddable":true,"href":"https:\/\/caminsbalears.org\/ca\/wp-json\/wp\/v2\/tags?post=3683"}],"curies":[{"name":"wp","href":"https:\/\/api.w.org\/{rel}","templated":true}]}}