{"id":3680,"date":"2017-05-29T08:55:22","date_gmt":"2017-05-29T08:55:22","guid":{"rendered":"http:\/\/caminsbalears.org\/cena-de-la-calzada-ciccp-mayo-2017\/"},"modified":"2023-03-09T11:17:38","modified_gmt":"2023-03-09T11:17:38","slug":"cena-de-la-calzada-ciccp-mayo-2017","status":"publish","type":"post","link":"https:\/\/caminsbalears.org\/ca\/cena-de-la-calzada-ciccp-mayo-2017\/","title":{"rendered":"Exit\u00f3s sopar en honor a Sant Dom\u00e8nec de La Cal\u00e7ada del maig del 2017"},"content":{"rendered":"<p>Palma, 29 de maig.- La Demarcaci\u00f3 del Col\u00b7legi d&#8217;Enginyers de Camins, Canals, i Ports (CICCP) en Balears ha celebrat, una vegada m\u00e9s, el sopar en honor a Sant Dom\u00e8nec de la Cal\u00e7ada. El discurs del deg\u00e0, Juan Antonio Esteban, va ser el seg\u00fcent:<\/p>\n<p>Bon vespre a tothom,<\/p>\n<p>Gr\u00e0cies per assistir un any m\u00e9s al nostre sopar anual.<\/p>\n<p>\u00c9s important que almenys una vegada a l&#8217;any prenguem consci\u00e8ncia del que som i fem acte de pres\u00e8ncia.<\/p>\n<p>La nostra professi\u00f3 es troba afrontant diverses incerteses, principalment per l&#8217;intrusisme d&#8217;altres professions i pels ajustats preus i salaris de les ofertes que es realitzen tant des de l&#8217;Administraci\u00f3 com des de l&#8217;empresa privada.<\/p>\n<p>La meva opini\u00f3 personal \u00e9s que aquestes incerteses es consolidaran. Davant aquest escenari, \u00e9s m\u00e9s important que mai mantenir-se units, actius i reinventar-nos. Per a aix\u00f2 estam comptant amb l&#8217;aportaci\u00f3 de les generacions m\u00e9s joves. En aquest sentit, vull agrair la col\u00b7laboraci\u00f3 de tota la Junta Directiva que m&#8217;acompanya en aquesta tasca.<\/p>\n<p>La nostra missi\u00f3 \u00e9s fer veure a les Institucions i a la societat que l&#8217;Enginyeria \u00e9s indispensable per a augmentar la qualitat de vida dels ciutadans i ordenar i obtenir la m\u00e0xima rendibilitat als recursos existents.<\/p>\n<p>Amb aquest prop\u00f2sit, en 2016 hem mantingut 18 reunions amb conselleries i direccions generals; hem col\u00b7laborat amb el Col\u00b7legi a nivell nacional en la documentaci\u00f3 jur\u00eddica per a presentar els contenciosos que reafirmin l&#8217;obligatorietat de contractaci\u00f3 d&#8217;Enginyers de Camins en determinades \u00e0rees hem signat convenis de visat amb els Consells, Abaqua i Emaya, i un altre acord amb l&#8217;Ajuntament d&#8217;Inca perqu\u00e8 els nostres col\u00b7legiats realitzin la Inspecci\u00f3 T\u00e8cnica d&#8217;Edificis; hem participat en les diferents comissions de treball de l&#8217;Administraci\u00f3, elaborant al\u00b7legacions a diferents normes, i sobretot defensant la nostra professi\u00f3.<\/p>\n<p>Hem promogut la creaci\u00f3 d&#8217;ocupaci\u00f3 amb la borsa de treball, contribuint al fet que la taxa d&#8217;atur es redueixi a l&#8217;1,34%.<\/p>\n<p>Hem organitzat 7 accions formatives amb 32 hores en total i un Congr\u00e9s en col\u00b7laboraci\u00f3 amb altres Col\u00b7legis Professionals, amb una assist\u00e8ncia total de m\u00e9s de 200 assistents.<\/p>\n<p>I finalment hem dissenyat un Pla de Comunicaci\u00f3 que com primeres accions ja executades contempla una nova p\u00e0gina web m\u00e9s visual i efectiva; un mitj\u00e0 de comunicaci\u00f3 propi\u00a0www.ibcaminos.com; i una major pres\u00e8ncia en els mitjans de comunicaci\u00f3.<\/p>\n<p>Per\u00f2, sobretot, hem procurat estar al costat dels nostres companys quan b\u00e9 per temes professionals o fins i tot per temes personals ens han necessitat. Un esperit solidari que ja tenia el nostre patr\u00f3 fa 1000 anys, que va dedicar tota la seva vida a facilitar la vida als ciutadans. I aquesta labor solid\u00e0ria \u00e9s la que m\u00e9s ens satisf\u00e0 a tot el\u00a0equip. Que compteu amb nosaltres quan faci falta i, per descomptat, rebre de bon grat la vostra ajuda quan la pugueu oferir.<\/p>\n<p>Moltes gr\u00e0cies<\/p>\n<p><img fetchpriority=\"high\" decoding=\"async\" class=\"alignnone size-full wp-image-751\" src=\"http:\/\/caminsbalears.org\/wp-content\/uploads\/2017\/05\/foto-discurso.jpg\" alt=\"cena de la calzada ciccp mayo 2017\" width=\"3456\" height=\"2304\" data-id=\"751\" \/><\/p>\n<p>&nbsp;<\/p>\n<p><img decoding=\"async\" class=\"alignnone size-full wp-image-752\" src=\"http:\/\/caminsbalears.org\/wp-content\/uploads\/2017\/05\/foto-cena.jpg\" alt=\"\" width=\"3456\" height=\"2304\" data-id=\"752\" \/><\/p>\n<p><img decoding=\"async\" class=\"alignnone size-full wp-image-752\" src=\"http:\/\/caminsbalears.org\/wp-content\/uploads\/2017\/05\/foto-cena.jpg\" alt=\"\" width=\"3456\" height=\"2304\" data-id=\"752\" \/><\/p>\n","protected":false},"excerpt":{"rendered":"<p>Palma, 29 de maig.- La Demarcaci\u00f3 del Col\u00b7legi d&#8217;Enginyers de Camins, Canals, i Ports (CICCP) en Balears ha celebrat, una vegada m\u00e9s, el sopar en honor a Sant Dom\u00e8nec de la Cal\u00e7ada. El discurs del deg\u00e0, Juan Antonio Esteban, va ser el seg\u00fcent: Bon vespre a tothom, Gr\u00e0cies per assistir un any m\u00e9s al nostre [&hellip;]<\/p>\n","protected":false},"author":2,"featured_media":0,"comment_status":"closed","ping_status":"open","sticky":false,"template":"","format":"standard","meta":{"footnotes":""},"categories":[29],"tags":[],"class_list":["post-3680","post","type-post","status-publish","format-standard","hentry","category-el-collegi-informa"],"_links":{"self":[{"href":"https:\/\/caminsbalears.org\/ca\/wp-json\/wp\/v2\/posts\/3680","targetHints":{"allow":["GET"]}}],"collection":[{"href":"https:\/\/caminsbalears.org\/ca\/wp-json\/wp\/v2\/posts"}],"about":[{"href":"https:\/\/caminsbalears.org\/ca\/wp-json\/wp\/v2\/types\/post"}],"author":[{"embeddable":true,"href":"https:\/\/caminsbalears.org\/ca\/wp-json\/wp\/v2\/users\/2"}],"replies":[{"embeddable":true,"href":"https:\/\/caminsbalears.org\/ca\/wp-json\/wp\/v2\/comments?post=3680"}],"version-history":[{"count":1,"href":"https:\/\/caminsbalears.org\/ca\/wp-json\/wp\/v2\/posts\/3680\/revisions"}],"predecessor-version":[{"id":3681,"href":"https:\/\/caminsbalears.org\/ca\/wp-json\/wp\/v2\/posts\/3680\/revisions\/3681"}],"wp:attachment":[{"href":"https:\/\/caminsbalears.org\/ca\/wp-json\/wp\/v2\/media?parent=3680"}],"wp:term":[{"taxonomy":"category","embeddable":true,"href":"https:\/\/caminsbalears.org\/ca\/wp-json\/wp\/v2\/categories?post=3680"},{"taxonomy":"post_tag","embeddable":true,"href":"https:\/\/caminsbalears.org\/ca\/wp-json\/wp\/v2\/tags?post=3680"}],"curies":[{"name":"wp","href":"https:\/\/api.w.org\/{rel}","templated":true}]}}