{"id":3677,"date":"2017-10-31T12:43:26","date_gmt":"2017-10-31T12:43:26","guid":{"rendered":"http:\/\/caminsbalears.org\/visita-al-puerto-de-palma\/"},"modified":"2023-03-09T11:16:19","modified_gmt":"2023-03-09T11:16:19","slug":"visita-al-puerto-de-palma","status":"publish","type":"post","link":"https:\/\/caminsbalears.org\/ca\/visita-al-puerto-de-palma\/","title":{"rendered":"La Demarcaci\u00f3 a Balears visita el Port de Palma"},"content":{"rendered":"<p>Palma.- Amb motiu de la revisi\u00f3 del Pla Director del Port de Palma, l&#8217;Autoritat Portu\u00e0ria va convidar el passat 27 d&#8217;octubre, al Col\u00b7legi d&#8217;Enginyers de Camins, Canals, i Ports a una visita explicativa amb vaixell per la badia. La visita va ser tot un \u00e8xit amb l&#8217;assist\u00e8ncia de m\u00e9s de 40 col\u00b7legiats on el nostre company Antoni Ginard va explicar les l\u00ednies estrat\u00e8giques del Pla Director del Port.<\/p>\n<p><img fetchpriority=\"high\" decoding=\"async\" class=\"alignnone wp-image-1430\" src=\"http:\/\/caminsbalears.org\/wp-content\/uploads\/2017\/10\/20171027_131745-300x225.jpg\" alt=\"\" width=\"400\" height=\"300\" data-id=\"1430\" srcset=\"https:\/\/caminsbalears.org\/wp-content\/uploads\/2017\/10\/20171027_131745-300x225.jpg 300w, https:\/\/caminsbalears.org\/wp-content\/uploads\/2017\/10\/20171027_131745-1024x768.jpg 1024w, https:\/\/caminsbalears.org\/wp-content\/uploads\/2017\/10\/20171027_131745-768x576.jpg 768w, https:\/\/caminsbalears.org\/wp-content\/uploads\/2017\/10\/20171027_131745-1536x1152.jpg 1536w, https:\/\/caminsbalears.org\/wp-content\/uploads\/2017\/10\/20171027_131745-2048x1536.jpg 2048w\" sizes=\"(max-width: 400px) 100vw, 400px\" \/><\/p>\n","protected":false},"excerpt":{"rendered":"<p>Palma.- Amb motiu de la revisi\u00f3 del Pla Director del Port de Palma, l&#8217;Autoritat Portu\u00e0ria va convidar el passat 27 d&#8217;octubre, al Col\u00b7legi d&#8217;Enginyers de Camins, Canals, i Ports a una visita explicativa amb vaixell per la badia. La visita va ser tot un \u00e8xit amb l&#8217;assist\u00e8ncia de m\u00e9s de 40 col\u00b7legiats on el nostre [&hellip;]<\/p>\n","protected":false},"author":2,"featured_media":0,"comment_status":"closed","ping_status":"open","sticky":false,"template":"","format":"standard","meta":{"footnotes":""},"categories":[29],"tags":[],"class_list":["post-3677","post","type-post","status-publish","format-standard","hentry","category-el-collegi-informa"],"_links":{"self":[{"href":"https:\/\/caminsbalears.org\/ca\/wp-json\/wp\/v2\/posts\/3677","targetHints":{"allow":["GET"]}}],"collection":[{"href":"https:\/\/caminsbalears.org\/ca\/wp-json\/wp\/v2\/posts"}],"about":[{"href":"https:\/\/caminsbalears.org\/ca\/wp-json\/wp\/v2\/types\/post"}],"author":[{"embeddable":true,"href":"https:\/\/caminsbalears.org\/ca\/wp-json\/wp\/v2\/users\/2"}],"replies":[{"embeddable":true,"href":"https:\/\/caminsbalears.org\/ca\/wp-json\/wp\/v2\/comments?post=3677"}],"version-history":[{"count":1,"href":"https:\/\/caminsbalears.org\/ca\/wp-json\/wp\/v2\/posts\/3677\/revisions"}],"predecessor-version":[{"id":3678,"href":"https:\/\/caminsbalears.org\/ca\/wp-json\/wp\/v2\/posts\/3677\/revisions\/3678"}],"wp:attachment":[{"href":"https:\/\/caminsbalears.org\/ca\/wp-json\/wp\/v2\/media?parent=3677"}],"wp:term":[{"taxonomy":"category","embeddable":true,"href":"https:\/\/caminsbalears.org\/ca\/wp-json\/wp\/v2\/categories?post=3677"},{"taxonomy":"post_tag","embeddable":true,"href":"https:\/\/caminsbalears.org\/ca\/wp-json\/wp\/v2\/tags?post=3677"}],"curies":[{"name":"wp","href":"https:\/\/api.w.org\/{rel}","templated":true}]}}