{"id":3674,"date":"2017-11-09T19:25:40","date_gmt":"2017-11-09T19:25:40","guid":{"rendered":"http:\/\/caminsbalears.org\/1433-2\/"},"modified":"2023-03-09T11:15:09","modified_gmt":"2023-03-09T11:15:09","slug":"1433-2","status":"publish","type":"post","link":"https:\/\/caminsbalears.org\/ca\/1433-2\/","title":{"rendered":"La Demarcaci\u00f3 del Col\u00b7legi recorda Eusebi Estada"},"content":{"rendered":"<p>Palma.- El passat 31 d&#8217;octubre es va donar inici al centenari de la mort d&#8217;un dels Enginyers de Camins m\u00e9s destacats a Balears durant el segle passat: Eusebio Estada (1843-1917).<\/p>\n<p><img fetchpriority=\"high\" decoding=\"async\" class=\"alignnone wp-image-1435\" src=\"http:\/\/caminsbalears.org\/wp-content\/uploads\/2017\/11\/IMG_8342-300x225.jpg\" alt=\"\" width=\"400\" height=\"300\" data-id=\"1435\" srcset=\"https:\/\/caminsbalears.org\/wp-content\/uploads\/2017\/11\/IMG_8342-300x225.jpg 300w, https:\/\/caminsbalears.org\/wp-content\/uploads\/2017\/11\/IMG_8342.jpg 640w\" sizes=\"(max-width: 400px) 100vw, 400px\" \/><\/p>\n<p>Aquest centenari estar\u00e0 patrocinat pel Govern dels Illes Balears a trav\u00e9s de Ports IB, Autoritat Portu\u00e0ria de Balears, Departament de Territori i Infraestructures del Consell de Mallorca i l&#8217;Ajuntament de Palma.<\/p>\n<p>Aquest centenari tendr\u00e0 els seg\u00fcents actes:<\/p>\n<p>1.- Col\u00b7locaci\u00f3 d&#8217;una placa commemorativa en el pont sobre la Riera de Palma. 2 de Novembre de 2017.<\/p>\n<p>2.- Exposici\u00f3 fotogr\u00e0fica itinerant de la seva obra. Desembre 2017<\/p>\n<p>3.- Reedici\u00f3 del llibre &#8220;La Ciutat de Palma&#8221; amb articles explicatius de companys els nostres sobre la seva vida i obra. Desembre 2017<\/p>\n<p>4.- Clausura del centenari en el sal\u00f3 de plens de l&#8217;Ajuntament de Palma. Desembre 2017.<\/p>\n<p>&nbsp;<\/p>\n","protected":false},"excerpt":{"rendered":"<p>Palma.- El passat 31 d&#8217;octubre es va donar inici al centenari de la mort d&#8217;un dels Enginyers de Camins m\u00e9s destacats a Balears durant el segle passat: Eusebio Estada (1843-1917). Aquest centenari estar\u00e0 patrocinat pel Govern dels Illes Balears a trav\u00e9s de Ports IB, Autoritat Portu\u00e0ria de Balears, Departament de Territori i Infraestructures del Consell [&hellip;]<\/p>\n","protected":false},"author":2,"featured_media":0,"comment_status":"closed","ping_status":"open","sticky":false,"template":"","format":"standard","meta":{"footnotes":""},"categories":[29],"tags":[],"class_list":["post-3674","post","type-post","status-publish","format-standard","hentry","category-el-collegi-informa"],"_links":{"self":[{"href":"https:\/\/caminsbalears.org\/ca\/wp-json\/wp\/v2\/posts\/3674","targetHints":{"allow":["GET"]}}],"collection":[{"href":"https:\/\/caminsbalears.org\/ca\/wp-json\/wp\/v2\/posts"}],"about":[{"href":"https:\/\/caminsbalears.org\/ca\/wp-json\/wp\/v2\/types\/post"}],"author":[{"embeddable":true,"href":"https:\/\/caminsbalears.org\/ca\/wp-json\/wp\/v2\/users\/2"}],"replies":[{"embeddable":true,"href":"https:\/\/caminsbalears.org\/ca\/wp-json\/wp\/v2\/comments?post=3674"}],"version-history":[{"count":1,"href":"https:\/\/caminsbalears.org\/ca\/wp-json\/wp\/v2\/posts\/3674\/revisions"}],"predecessor-version":[{"id":3675,"href":"https:\/\/caminsbalears.org\/ca\/wp-json\/wp\/v2\/posts\/3674\/revisions\/3675"}],"wp:attachment":[{"href":"https:\/\/caminsbalears.org\/ca\/wp-json\/wp\/v2\/media?parent=3674"}],"wp:term":[{"taxonomy":"category","embeddable":true,"href":"https:\/\/caminsbalears.org\/ca\/wp-json\/wp\/v2\/categories?post=3674"},{"taxonomy":"post_tag","embeddable":true,"href":"https:\/\/caminsbalears.org\/ca\/wp-json\/wp\/v2\/tags?post=3674"}],"curies":[{"name":"wp","href":"https:\/\/api.w.org\/{rel}","templated":true}]}}