{"id":3671,"date":"2017-11-09T19:34:32","date_gmt":"2017-11-09T19:34:32","guid":{"rendered":"http:\/\/caminsbalears.org\/placa-homenaje-a-eusebio-estada\/"},"modified":"2023-03-09T11:14:11","modified_gmt":"2023-03-09T11:14:11","slug":"placa-homenaje-a-eusebio-estada","status":"publish","type":"post","link":"https:\/\/caminsbalears.org\/ca\/placa-homenaje-a-eusebio-estada\/","title":{"rendered":"Placa homenatge Eusebi Estada"},"content":{"rendered":"<p>Palma.- El passat 2 de novembre el Deg\u00e0 de la Demarcaci\u00f3 al costat del batle de Palma, el Sr. Antoni Noguera, el besn\u00e9t d&#8217;Estada i la v\u00eddua de Miguel Angel Llauger varen descobrir una placa sobre el pont de la Riera realitzat pel Sr. Eusebi Estada per a commemorar el centenari de la seva mort.<\/p>\n<p><img fetchpriority=\"high\" decoding=\"async\" class=\"alignnone size-medium wp-image-1439\" src=\"http:\/\/caminsbalears.org\/wp-content\/uploads\/2017\/11\/20171102_131611-300x225.jpg\" alt=\"\" width=\"300\" height=\"225\" data-id=\"1439\" srcset=\"https:\/\/caminsbalears.org\/wp-content\/uploads\/2017\/11\/20171102_131611-300x225.jpg 300w, https:\/\/caminsbalears.org\/wp-content\/uploads\/2017\/11\/20171102_131611-1024x768.jpg 1024w, https:\/\/caminsbalears.org\/wp-content\/uploads\/2017\/11\/20171102_131611-768x576.jpg 768w, https:\/\/caminsbalears.org\/wp-content\/uploads\/2017\/11\/20171102_131611-1536x1152.jpg 1536w, https:\/\/caminsbalears.org\/wp-content\/uploads\/2017\/11\/20171102_131611-2048x1536.jpg 2048w\" sizes=\"(max-width: 300px) 100vw, 300px\" \/> <img decoding=\"async\" class=\"alignnone size-medium wp-image-1440\" src=\"http:\/\/caminsbalears.org\/wp-content\/uploads\/2017\/11\/IMG_8346-300x225.jpg\" alt=\"\" width=\"300\" height=\"225\" data-id=\"1440\" srcset=\"https:\/\/caminsbalears.org\/wp-content\/uploads\/2017\/11\/IMG_8346-300x225.jpg 300w, https:\/\/caminsbalears.org\/wp-content\/uploads\/2017\/11\/IMG_8346.jpg 640w\" sizes=\"(max-width: 300px) 100vw, 300px\" \/> <img decoding=\"async\" class=\"alignnone size-medium wp-image-1441\" src=\"http:\/\/caminsbalears.org\/wp-content\/uploads\/2017\/11\/IMG_8350-300x225.jpg\" alt=\"\" width=\"300\" height=\"225\" data-id=\"1441\" srcset=\"https:\/\/caminsbalears.org\/wp-content\/uploads\/2017\/11\/IMG_8350-300x225.jpg 300w, https:\/\/caminsbalears.org\/wp-content\/uploads\/2017\/11\/IMG_8350.jpg 640w\" sizes=\"(max-width: 300px) 100vw, 300px\" \/> <img loading=\"lazy\" decoding=\"async\" class=\"alignnone size-medium wp-image-1442\" src=\"http:\/\/caminsbalears.org\/wp-content\/uploads\/2017\/11\/IMG_8360-300x225.jpg\" alt=\"\" width=\"300\" height=\"225\" data-id=\"1442\" srcset=\"https:\/\/caminsbalears.org\/wp-content\/uploads\/2017\/11\/IMG_8360-300x225.jpg 300w, https:\/\/caminsbalears.org\/wp-content\/uploads\/2017\/11\/IMG_8360.jpg 640w\" sizes=\"(max-width: 300px) 100vw, 300px\" \/><\/p>\n<p>&nbsp;<\/p>\n","protected":false},"excerpt":{"rendered":"<p>Palma.- El passat 2 de novembre el Deg\u00e0 de la Demarcaci\u00f3 al costat del batle de Palma, el Sr. Antoni Noguera, el besn\u00e9t d&#8217;Estada i la v\u00eddua de Miguel Angel Llauger varen descobrir una placa sobre el pont de la Riera realitzat pel Sr. Eusebi Estada per a commemorar el centenari de la seva mort. [&hellip;]<\/p>\n","protected":false},"author":2,"featured_media":0,"comment_status":"closed","ping_status":"open","sticky":false,"template":"","format":"standard","meta":{"footnotes":""},"categories":[29],"tags":[],"class_list":["post-3671","post","type-post","status-publish","format-standard","hentry","category-el-collegi-informa"],"_links":{"self":[{"href":"https:\/\/caminsbalears.org\/ca\/wp-json\/wp\/v2\/posts\/3671","targetHints":{"allow":["GET"]}}],"collection":[{"href":"https:\/\/caminsbalears.org\/ca\/wp-json\/wp\/v2\/posts"}],"about":[{"href":"https:\/\/caminsbalears.org\/ca\/wp-json\/wp\/v2\/types\/post"}],"author":[{"embeddable":true,"href":"https:\/\/caminsbalears.org\/ca\/wp-json\/wp\/v2\/users\/2"}],"replies":[{"embeddable":true,"href":"https:\/\/caminsbalears.org\/ca\/wp-json\/wp\/v2\/comments?post=3671"}],"version-history":[{"count":1,"href":"https:\/\/caminsbalears.org\/ca\/wp-json\/wp\/v2\/posts\/3671\/revisions"}],"predecessor-version":[{"id":3672,"href":"https:\/\/caminsbalears.org\/ca\/wp-json\/wp\/v2\/posts\/3671\/revisions\/3672"}],"wp:attachment":[{"href":"https:\/\/caminsbalears.org\/ca\/wp-json\/wp\/v2\/media?parent=3671"}],"wp:term":[{"taxonomy":"category","embeddable":true,"href":"https:\/\/caminsbalears.org\/ca\/wp-json\/wp\/v2\/categories?post=3671"},{"taxonomy":"post_tag","embeddable":true,"href":"https:\/\/caminsbalears.org\/ca\/wp-json\/wp\/v2\/tags?post=3671"}],"curies":[{"name":"wp","href":"https:\/\/api.w.org\/{rel}","templated":true}]}}