{"id":3668,"date":"2018-01-11T18:24:42","date_gmt":"2018-01-11T18:24:42","guid":{"rendered":"http:\/\/caminsbalears.org\/elecciones-2018-organos-territoriales\/"},"modified":"2023-03-09T11:13:10","modified_gmt":"2023-03-09T11:13:10","slug":"elecciones-2018-organos-territoriales","status":"publish","type":"post","link":"https:\/\/caminsbalears.org\/ca\/elecciones-2018-organos-territoriales\/","title":{"rendered":"Aprovat el reglament electoral"},"content":{"rendered":"<p>Palma.- Pel que fa a les eleccions 2018 a \u00d2rgans Territorials (Degans, Vicedegans, Juntes Rectores, Representants Provincials), la Demarcaci\u00f3 del Col\u00b7legi ha enviat el Reglament Electoral vigent i el calendari aprovat per la Junta de Govern i publicat en el Butllet\u00ed d&#8217;Informaci\u00f3.<\/p>\n<p>El dilluns 8 de gener es va publicar en els taulons de la Demarcaci\u00f3 en el Cens Electoral Provisional . En la p\u00e0gina web del Col\u00b7legi tamb\u00e9 est\u00e0 accessible, amb usuari i contrasenya, perqu\u00e8 cada col\u00b7legiat consulti les seves dades. El per\u00edode de correcci\u00f3 d&#8217;errors \u00e9s del 9 al 15 de gener. El 18 de gener es publicar\u00e0 el Cens Electoral definitiu.<\/p>\n<p>El 24 de gener a les 13h en la demarcaci\u00f3 se celebrar\u00e0 el sorteig per a cobrir els vocals de les Meses. El sorteig \u00e9s publico i pot assistir el col\u00b7legiat que ho desitgi.<\/p>\n<p>Les Meses Electorals de les Demarcacions estaran integrades per cinc membres:<\/p>\n<p>\u25aa 2 col\u00b7legiats que tinguin fins a 10 anys de col\u00b7legiaci\u00f3;<\/p>\n<p>\u25aa 2 col\u00b7legiats que tinguin m\u00e9s de 10 i fins a 25 anys de col\u00b7legiaci\u00f3; i<\/p>\n<p>\u25aa 1 col\u00b7legiat que tingui m\u00e9s de 25 anys de col\u00b7legiaci\u00f3.<\/p>\n<p>Es nomenaran dos suplents per cada titular.<\/p>\n","protected":false},"excerpt":{"rendered":"<p>Palma.- Pel que fa a les eleccions 2018 a \u00d2rgans Territorials (Degans, Vicedegans, Juntes Rectores, Representants Provincials), la Demarcaci\u00f3 del Col\u00b7legi ha enviat el Reglament Electoral vigent i el calendari aprovat per la Junta de Govern i publicat en el Butllet\u00ed d&#8217;Informaci\u00f3. El dilluns 8 de gener es va publicar en els taulons de la [&hellip;]<\/p>\n","protected":false},"author":2,"featured_media":3226,"comment_status":"closed","ping_status":"open","sticky":false,"template":"","format":"standard","meta":{"footnotes":""},"categories":[29],"tags":[],"class_list":["post-3668","post","type-post","status-publish","format-standard","has-post-thumbnail","hentry","category-el-collegi-informa"],"_links":{"self":[{"href":"https:\/\/caminsbalears.org\/ca\/wp-json\/wp\/v2\/posts\/3668","targetHints":{"allow":["GET"]}}],"collection":[{"href":"https:\/\/caminsbalears.org\/ca\/wp-json\/wp\/v2\/posts"}],"about":[{"href":"https:\/\/caminsbalears.org\/ca\/wp-json\/wp\/v2\/types\/post"}],"author":[{"embeddable":true,"href":"https:\/\/caminsbalears.org\/ca\/wp-json\/wp\/v2\/users\/2"}],"replies":[{"embeddable":true,"href":"https:\/\/caminsbalears.org\/ca\/wp-json\/wp\/v2\/comments?post=3668"}],"version-history":[{"count":1,"href":"https:\/\/caminsbalears.org\/ca\/wp-json\/wp\/v2\/posts\/3668\/revisions"}],"predecessor-version":[{"id":3669,"href":"https:\/\/caminsbalears.org\/ca\/wp-json\/wp\/v2\/posts\/3668\/revisions\/3669"}],"wp:featuredmedia":[{"embeddable":true,"href":"https:\/\/caminsbalears.org\/ca\/wp-json\/wp\/v2\/media\/3226"}],"wp:attachment":[{"href":"https:\/\/caminsbalears.org\/ca\/wp-json\/wp\/v2\/media?parent=3668"}],"wp:term":[{"taxonomy":"category","embeddable":true,"href":"https:\/\/caminsbalears.org\/ca\/wp-json\/wp\/v2\/categories?post=3668"},{"taxonomy":"post_tag","embeddable":true,"href":"https:\/\/caminsbalears.org\/ca\/wp-json\/wp\/v2\/tags?post=3668"}],"curies":[{"name":"wp","href":"https:\/\/api.w.org\/{rel}","templated":true}]}}