{"id":3659,"date":"2018-02-08T20:25:09","date_gmt":"2018-02-08T20:25:09","guid":{"rendered":"http:\/\/caminsbalears.org\/acta-constitucion-mesa-electoral-baleares\/"},"modified":"2023-03-09T11:10:32","modified_gmt":"2023-03-09T11:10:32","slug":"acta-constitucion-mesa-electoral-baleares","status":"publish","type":"post","link":"https:\/\/caminsbalears.org\/ca\/acta-constitucion-mesa-electoral-baleares\/","title":{"rendered":"Publicada l\u2019acta de constituci\u00f3 de la mesa electoral a Balears"},"content":{"rendered":"<p>Palma.- A continuaci\u00f3 es fa p\u00fablica l&#8217;acta de constituci\u00f3 de la mesa electoral de la Demarcaci\u00f3 i dels acords adoptats per aquest organisme <a href=\"http:\/\/caminsbalears.org\/wp-content\/uploads\/2018\/02\/180201-ACTA-CONSTITUCI\u00d3N-MESA-ELECTORAL-ELECCIONES-2018-FIRMADO.pdf\">180201 ACTA CONSTITUCI\u00d3N MESA ELECTORAL ELECCIONES 2018 FIRMADO<\/a>.<\/p>\n<p>&nbsp;<\/p>\n","protected":false},"excerpt":{"rendered":"<p>Palma.- A continuaci\u00f3 es fa p\u00fablica l&#8217;acta de constituci\u00f3 de la mesa electoral de la Demarcaci\u00f3 i dels acords adoptats per aquest organisme 180201 ACTA CONSTITUCI\u00d3N MESA ELECTORAL ELECCIONES 2018 FIRMADO. &nbsp;<\/p>\n","protected":false},"author":2,"featured_media":3229,"comment_status":"closed","ping_status":"open","sticky":false,"template":"","format":"standard","meta":{"footnotes":""},"categories":[29],"tags":[],"class_list":["post-3659","post","type-post","status-publish","format-standard","has-post-thumbnail","hentry","category-el-collegi-informa"],"_links":{"self":[{"href":"https:\/\/caminsbalears.org\/ca\/wp-json\/wp\/v2\/posts\/3659","targetHints":{"allow":["GET"]}}],"collection":[{"href":"https:\/\/caminsbalears.org\/ca\/wp-json\/wp\/v2\/posts"}],"about":[{"href":"https:\/\/caminsbalears.org\/ca\/wp-json\/wp\/v2\/types\/post"}],"author":[{"embeddable":true,"href":"https:\/\/caminsbalears.org\/ca\/wp-json\/wp\/v2\/users\/2"}],"replies":[{"embeddable":true,"href":"https:\/\/caminsbalears.org\/ca\/wp-json\/wp\/v2\/comments?post=3659"}],"version-history":[{"count":1,"href":"https:\/\/caminsbalears.org\/ca\/wp-json\/wp\/v2\/posts\/3659\/revisions"}],"predecessor-version":[{"id":3660,"href":"https:\/\/caminsbalears.org\/ca\/wp-json\/wp\/v2\/posts\/3659\/revisions\/3660"}],"wp:featuredmedia":[{"embeddable":true,"href":"https:\/\/caminsbalears.org\/ca\/wp-json\/wp\/v2\/media\/3229"}],"wp:attachment":[{"href":"https:\/\/caminsbalears.org\/ca\/wp-json\/wp\/v2\/media?parent=3659"}],"wp:term":[{"taxonomy":"category","embeddable":true,"href":"https:\/\/caminsbalears.org\/ca\/wp-json\/wp\/v2\/categories?post=3659"},{"taxonomy":"post_tag","embeddable":true,"href":"https:\/\/caminsbalears.org\/ca\/wp-json\/wp\/v2\/tags?post=3659"}],"curies":[{"name":"wp","href":"https:\/\/api.w.org\/{rel}","templated":true}]}}