{"id":3656,"date":"2018-02-27T10:11:27","date_gmt":"2018-02-27T10:11:27","guid":{"rendered":"http:\/\/caminsbalears.org\/publicacion-candidaturas-elecciones-organos-territoriales\/"},"modified":"2023-03-09T11:09:34","modified_gmt":"2023-03-09T11:09:34","slug":"publicacion-candidaturas-elecciones-organos-territoriales","status":"publish","type":"post","link":"https:\/\/caminsbalears.org\/ca\/publicacion-candidaturas-elecciones-organos-territoriales\/","title":{"rendered":"Publicades les candidatures a eleccions a \u00f2rgans territorials"},"content":{"rendered":"<p>Palma.- A continuaci\u00f3 s&#8217;adjunta l&#8217;\u00fanica candidatura que s&#8217;ha presentat a les eleccions 2018 per a \u00f2rgans territorials. Segons el Reglament electoral es disposa del 2 al 6 de mar\u00e7 per a la seva impugnaci\u00f3. Si fos impugnada la mesa electoral haur\u00e0 de resoldre entre el 7 i 8 de mar\u00e7. De no haver-hi impugnacions el 9 de mar\u00e7 es proclamar\u00e0 i publicar\u00e0 la candidatura com a definitiva.<\/p>\n<p><a href=\"http:\/\/caminsbalears.org\/wp-content\/uploads\/2018\/02\/180215-Candidatura-1-elecciones-2018.pdf\">180215 Candidatura 1 elecciones 2018<\/a><\/p>\n","protected":false},"excerpt":{"rendered":"<p>Palma.- A continuaci\u00f3 s&#8217;adjunta l&#8217;\u00fanica candidatura que s&#8217;ha presentat a les eleccions 2018 per a \u00f2rgans territorials. Segons el Reglament electoral es disposa del 2 al 6 de mar\u00e7 per a la seva impugnaci\u00f3. Si fos impugnada la mesa electoral haur\u00e0 de resoldre entre el 7 i 8 de mar\u00e7. De no haver-hi impugnacions el [&hellip;]<\/p>\n","protected":false},"author":2,"featured_media":3230,"comment_status":"closed","ping_status":"open","sticky":false,"template":"","format":"standard","meta":{"footnotes":""},"categories":[29],"tags":[],"class_list":["post-3656","post","type-post","status-publish","format-standard","has-post-thumbnail","hentry","category-el-collegi-informa"],"_links":{"self":[{"href":"https:\/\/caminsbalears.org\/ca\/wp-json\/wp\/v2\/posts\/3656","targetHints":{"allow":["GET"]}}],"collection":[{"href":"https:\/\/caminsbalears.org\/ca\/wp-json\/wp\/v2\/posts"}],"about":[{"href":"https:\/\/caminsbalears.org\/ca\/wp-json\/wp\/v2\/types\/post"}],"author":[{"embeddable":true,"href":"https:\/\/caminsbalears.org\/ca\/wp-json\/wp\/v2\/users\/2"}],"replies":[{"embeddable":true,"href":"https:\/\/caminsbalears.org\/ca\/wp-json\/wp\/v2\/comments?post=3656"}],"version-history":[{"count":1,"href":"https:\/\/caminsbalears.org\/ca\/wp-json\/wp\/v2\/posts\/3656\/revisions"}],"predecessor-version":[{"id":3657,"href":"https:\/\/caminsbalears.org\/ca\/wp-json\/wp\/v2\/posts\/3656\/revisions\/3657"}],"wp:featuredmedia":[{"embeddable":true,"href":"https:\/\/caminsbalears.org\/ca\/wp-json\/wp\/v2\/media\/3230"}],"wp:attachment":[{"href":"https:\/\/caminsbalears.org\/ca\/wp-json\/wp\/v2\/media?parent=3656"}],"wp:term":[{"taxonomy":"category","embeddable":true,"href":"https:\/\/caminsbalears.org\/ca\/wp-json\/wp\/v2\/categories?post=3656"},{"taxonomy":"post_tag","embeddable":true,"href":"https:\/\/caminsbalears.org\/ca\/wp-json\/wp\/v2\/tags?post=3656"}],"curies":[{"name":"wp","href":"https:\/\/api.w.org\/{rel}","templated":true}]}}