{"id":3653,"date":"2018-03-20T00:12:42","date_gmt":"2018-03-20T00:12:42","guid":{"rendered":"http:\/\/caminsbalears.org\/acta-de-proclamacion-y-propaganda-electoral\/"},"modified":"2023-03-09T11:08:40","modified_gmt":"2023-03-09T11:08:40","slug":"acta-de-proclamacion-y-propaganda-electoral","status":"publish","type":"post","link":"https:\/\/caminsbalears.org\/ca\/acta-de-proclamacion-y-propaganda-electoral\/","title":{"rendered":"Publicada l\u2019acta de proclamaci\u00f3 i propaganda electoral"},"content":{"rendered":"<p>Palma.- A continuaci\u00f3 es publica l&#8217;acta de proclamaci\u00f3 i publicaci\u00f3 de la candidatura guanyadora, de la mateixa manera que la propaganda electoral d&#8217;aquesta candidatura.<\/p>\n<p><a href=\"http:\/\/caminsbalears.org\/wp-content\/uploads\/2018\/03\/20180313134119756-FIRMADO.pdf\">20180313134119756 FIRMADO<\/a><\/p>\n<p><a href=\"http:\/\/caminsbalears.org\/wp-content\/uploads\/2018\/03\/180215-Propaganda-electoral-1-elecciones-2018-1.pdf\">180215 Propaganda electoral 1 elecciones 2018 (1)<\/a><\/p>\n<p>La nova junta prendr\u00e0 possessi\u00f3 el 25 d&#8217;abril.<\/p>\n","protected":false},"excerpt":{"rendered":"<p>Palma.- A continuaci\u00f3 es publica l&#8217;acta de proclamaci\u00f3 i publicaci\u00f3 de la candidatura guanyadora, de la mateixa manera que la propaganda electoral d&#8217;aquesta candidatura. 20180313134119756 FIRMADO 180215 Propaganda electoral 1 elecciones 2018 (1) La nova junta prendr\u00e0 possessi\u00f3 el 25 d&#8217;abril.<\/p>\n","protected":false},"author":2,"featured_media":3229,"comment_status":"closed","ping_status":"open","sticky":false,"template":"","format":"standard","meta":{"footnotes":""},"categories":[29],"tags":[],"class_list":["post-3653","post","type-post","status-publish","format-standard","has-post-thumbnail","hentry","category-el-collegi-informa"],"_links":{"self":[{"href":"https:\/\/caminsbalears.org\/ca\/wp-json\/wp\/v2\/posts\/3653","targetHints":{"allow":["GET"]}}],"collection":[{"href":"https:\/\/caminsbalears.org\/ca\/wp-json\/wp\/v2\/posts"}],"about":[{"href":"https:\/\/caminsbalears.org\/ca\/wp-json\/wp\/v2\/types\/post"}],"author":[{"embeddable":true,"href":"https:\/\/caminsbalears.org\/ca\/wp-json\/wp\/v2\/users\/2"}],"replies":[{"embeddable":true,"href":"https:\/\/caminsbalears.org\/ca\/wp-json\/wp\/v2\/comments?post=3653"}],"version-history":[{"count":1,"href":"https:\/\/caminsbalears.org\/ca\/wp-json\/wp\/v2\/posts\/3653\/revisions"}],"predecessor-version":[{"id":3654,"href":"https:\/\/caminsbalears.org\/ca\/wp-json\/wp\/v2\/posts\/3653\/revisions\/3654"}],"wp:featuredmedia":[{"embeddable":true,"href":"https:\/\/caminsbalears.org\/ca\/wp-json\/wp\/v2\/media\/3229"}],"wp:attachment":[{"href":"https:\/\/caminsbalears.org\/ca\/wp-json\/wp\/v2\/media?parent=3653"}],"wp:term":[{"taxonomy":"category","embeddable":true,"href":"https:\/\/caminsbalears.org\/ca\/wp-json\/wp\/v2\/categories?post=3653"},{"taxonomy":"post_tag","embeddable":true,"href":"https:\/\/caminsbalears.org\/ca\/wp-json\/wp\/v2\/tags?post=3653"}],"curies":[{"name":"wp","href":"https:\/\/api.w.org\/{rel}","templated":true}]}}