{"id":3650,"date":"2018-05-03T19:06:03","date_gmt":"2018-05-03T19:06:03","guid":{"rendered":"http:\/\/caminsbalears.org\/cena-santo-domingo-2018\/"},"modified":"2023-03-09T11:07:48","modified_gmt":"2023-03-09T11:07:48","slug":"cena-santo-domingo-2018","status":"publish","type":"post","link":"https:\/\/caminsbalears.org\/ca\/cena-santo-domingo-2018\/","title":{"rendered":"Convocat el sopar de Sant Dom\u00e8nec 2018"},"content":{"rendered":"<p>Palma.- Un any m\u00e9s, s&#8217;acosta la celebraci\u00f3 del nostre patr\u00f3 Sant Dom\u00e8nec de la Cal\u00e7ada. Igual que l&#8217;any passat el col\u00b7legi convidar\u00e0 al sopar a tots els col\u00b7legiats. Per als acompanyants el preu del men\u00fa ser\u00e0 de 35\u20ac. El sopar ser\u00e0 en el restaurant Es Baluard el dia 18 de maig a les 21.00 hores.<\/p>\n<p>Per a reservar s&#8217;ha de menester enviar, abans del dijous 10 de maig, un correu a baleares@ciccp.es indicant el nombre d&#8217;assistents, elecci\u00f3 del segon plat i autoritzant, en el seu cas, a carregar l&#8217;import del sopar de l&#8217;acompanyant en el compte en la qual estan domiciliades les quotes de col\u00b7legiaci\u00f3.<\/p>\n<p>Si hi ha alguna persona amb indicacions especials per al sopar (cel\u00edacs, vegetarians) es pot comunicar S&#8217;hi adjunta <a href=\"https:\/\/www.dropbox.com\/s\/tg418qy3rgcld85\/menu.pdf?dl=0\">men\u00fa<\/a><\/p>\n","protected":false},"excerpt":{"rendered":"<p>Palma.- Un any m\u00e9s, s&#8217;acosta la celebraci\u00f3 del nostre patr\u00f3 Sant Dom\u00e8nec de la Cal\u00e7ada. Igual que l&#8217;any passat el col\u00b7legi convidar\u00e0 al sopar a tots els col\u00b7legiats. Per als acompanyants el preu del men\u00fa ser\u00e0 de 35\u20ac. El sopar ser\u00e0 en el restaurant Es Baluard el dia 18 de maig a les 21.00 hores. [&hellip;]<\/p>\n","protected":false},"author":2,"featured_media":3237,"comment_status":"closed","ping_status":"open","sticky":false,"template":"","format":"standard","meta":{"footnotes":""},"categories":[29],"tags":[],"class_list":["post-3650","post","type-post","status-publish","format-standard","has-post-thumbnail","hentry","category-el-collegi-informa"],"_links":{"self":[{"href":"https:\/\/caminsbalears.org\/ca\/wp-json\/wp\/v2\/posts\/3650","targetHints":{"allow":["GET"]}}],"collection":[{"href":"https:\/\/caminsbalears.org\/ca\/wp-json\/wp\/v2\/posts"}],"about":[{"href":"https:\/\/caminsbalears.org\/ca\/wp-json\/wp\/v2\/types\/post"}],"author":[{"embeddable":true,"href":"https:\/\/caminsbalears.org\/ca\/wp-json\/wp\/v2\/users\/2"}],"replies":[{"embeddable":true,"href":"https:\/\/caminsbalears.org\/ca\/wp-json\/wp\/v2\/comments?post=3650"}],"version-history":[{"count":1,"href":"https:\/\/caminsbalears.org\/ca\/wp-json\/wp\/v2\/posts\/3650\/revisions"}],"predecessor-version":[{"id":3651,"href":"https:\/\/caminsbalears.org\/ca\/wp-json\/wp\/v2\/posts\/3650\/revisions\/3651"}],"wp:featuredmedia":[{"embeddable":true,"href":"https:\/\/caminsbalears.org\/ca\/wp-json\/wp\/v2\/media\/3237"}],"wp:attachment":[{"href":"https:\/\/caminsbalears.org\/ca\/wp-json\/wp\/v2\/media?parent=3650"}],"wp:term":[{"taxonomy":"category","embeddable":true,"href":"https:\/\/caminsbalears.org\/ca\/wp-json\/wp\/v2\/categories?post=3650"},{"taxonomy":"post_tag","embeddable":true,"href":"https:\/\/caminsbalears.org\/ca\/wp-json\/wp\/v2\/tags?post=3650"}],"curies":[{"name":"wp","href":"https:\/\/api.w.org\/{rel}","templated":true}]}}