{"id":3647,"date":"2018-05-24T18:42:29","date_gmt":"2018-05-24T18:42:29","guid":{"rendered":"http:\/\/caminsbalears.org\/inauguracion-exposicion-fotografica-centenario-eusebio-estada\/"},"modified":"2023-03-09T11:06:58","modified_gmt":"2023-03-09T11:06:58","slug":"inauguracion-exposicion-fotografica-centenario-eusebio-estada","status":"publish","type":"post","link":"https:\/\/caminsbalears.org\/ca\/inauguracion-exposicion-fotografica-centenario-eusebio-estada\/","title":{"rendered":"Inaugurada l\u2019exposici\u00f3 fotogr\u00e0fica 100 Anys d\u2019Eusebi Estada"},"content":{"rendered":"<p>Palma.- El Col\u00b7legi d&#8217;Enginyers de Camins, Canals i Ports i l&#8217;Autoritat Portu\u00e0ria dels Illes Balears varen inaugurar divendres passat 18 l&#8217;exposici\u00f3 de 100 Anys de Eusebi Estada<\/p>\n<p>L&#8217;exposici\u00f3 recull en 10 imatges d&#8217;aproximadament un metre quadrat les principals obres de l&#8217;enginyer que va modernitzar Palma, va millorar la connectivitat ferrovi\u00e0ria i la navegaci\u00f3 a les Balears.<\/p>\n<p>L&#8217;exposici\u00f3 romandr\u00e0 a l&#8217;esplanada de davant de la seu de la Autoritat Portu\u00e0ria de les Balears en el moll vell fins al pr\u00f2xim 18 de juny.<\/p>\n<p><img fetchpriority=\"high\" decoding=\"async\" class=\"alignnone wp-image-1503\" src=\"http:\/\/caminsbalears.org\/wp-content\/uploads\/2018\/05\/180518-INAUGURACI\u00d3N-EXPOSICI\u00d3N-300x225.jpg\" alt=\"\" width=\"599\" height=\"449\" data-id=\"1503\" \/><\/p>\n","protected":false},"excerpt":{"rendered":"<p>Palma.- El Col\u00b7legi d&#8217;Enginyers de Camins, Canals i Ports i l&#8217;Autoritat Portu\u00e0ria dels Illes Balears varen inaugurar divendres passat 18 l&#8217;exposici\u00f3 de 100 Anys de Eusebi Estada L&#8217;exposici\u00f3 recull en 10 imatges d&#8217;aproximadament un metre quadrat les principals obres de l&#8217;enginyer que va modernitzar Palma, va millorar la connectivitat ferrovi\u00e0ria i la navegaci\u00f3 a les [&hellip;]<\/p>\n","protected":false},"author":2,"featured_media":0,"comment_status":"closed","ping_status":"open","sticky":false,"template":"","format":"standard","meta":{"footnotes":""},"categories":[29],"tags":[],"class_list":["post-3647","post","type-post","status-publish","format-standard","hentry","category-el-collegi-informa"],"_links":{"self":[{"href":"https:\/\/caminsbalears.org\/ca\/wp-json\/wp\/v2\/posts\/3647","targetHints":{"allow":["GET"]}}],"collection":[{"href":"https:\/\/caminsbalears.org\/ca\/wp-json\/wp\/v2\/posts"}],"about":[{"href":"https:\/\/caminsbalears.org\/ca\/wp-json\/wp\/v2\/types\/post"}],"author":[{"embeddable":true,"href":"https:\/\/caminsbalears.org\/ca\/wp-json\/wp\/v2\/users\/2"}],"replies":[{"embeddable":true,"href":"https:\/\/caminsbalears.org\/ca\/wp-json\/wp\/v2\/comments?post=3647"}],"version-history":[{"count":1,"href":"https:\/\/caminsbalears.org\/ca\/wp-json\/wp\/v2\/posts\/3647\/revisions"}],"predecessor-version":[{"id":3648,"href":"https:\/\/caminsbalears.org\/ca\/wp-json\/wp\/v2\/posts\/3647\/revisions\/3648"}],"wp:attachment":[{"href":"https:\/\/caminsbalears.org\/ca\/wp-json\/wp\/v2\/media?parent=3647"}],"wp:term":[{"taxonomy":"category","embeddable":true,"href":"https:\/\/caminsbalears.org\/ca\/wp-json\/wp\/v2\/categories?post=3647"},{"taxonomy":"post_tag","embeddable":true,"href":"https:\/\/caminsbalears.org\/ca\/wp-json\/wp\/v2\/tags?post=3647"}],"curies":[{"name":"wp","href":"https:\/\/api.w.org\/{rel}","templated":true}]}}