{"id":3644,"date":"2018-05-24T18:49:54","date_gmt":"2018-05-24T18:49:54","guid":{"rendered":"http:\/\/caminsbalears.org\/cena-santo-domingo-de-la-calzada-2018\/"},"modified":"2023-03-09T11:06:00","modified_gmt":"2023-03-09T11:06:00","slug":"cena-santo-domingo-de-la-calzada-2018","status":"publish","type":"post","link":"https:\/\/caminsbalears.org\/ca\/cena-santo-domingo-de-la-calzada-2018\/","title":{"rendered":"Exit\u00f3s sopar de Sant Dom\u00e8nec de la Cal\u00e7ada 2018"},"content":{"rendered":"<p>Palma.- Un any m\u00e9s es va celebrar divendres passat 18 de maig el sopar del nostre patr\u00f3, Santo Domingo de la Calzada. Aquesta vegada va ser en el Restaurant \u00c9s Baluard i com cada any vam poder gaudir de retrobar-nos els col\u00b7legiats de Balears i poder passar una estona agradable.<\/p>\n<p><img fetchpriority=\"high\" decoding=\"async\" class=\"alignnone size-medium wp-image-1507\" src=\"http:\/\/caminsbalears.org\/wp-content\/uploads\/2018\/05\/IMG-0293-300x225.jpg\" alt=\"\" width=\"300\" height=\"225\" data-id=\"1507\" srcset=\"https:\/\/caminsbalears.org\/wp-content\/uploads\/2018\/05\/IMG-0293-300x225.jpg 300w, https:\/\/caminsbalears.org\/wp-content\/uploads\/2018\/05\/IMG-0293-1024x768.jpg 1024w, https:\/\/caminsbalears.org\/wp-content\/uploads\/2018\/05\/IMG-0293-768x576.jpg 768w, https:\/\/caminsbalears.org\/wp-content\/uploads\/2018\/05\/IMG-0293-1536x1152.jpg 1536w, https:\/\/caminsbalears.org\/wp-content\/uploads\/2018\/05\/IMG-0293-2048x1536.jpg 2048w\" sizes=\"(max-width: 300px) 100vw, 300px\" \/><\/p>\n<p><img decoding=\"async\" class=\"alignnone size-medium wp-image-1508\" src=\"http:\/\/caminsbalears.org\/wp-content\/uploads\/2018\/05\/IMG-0294-300x225.jpg\" alt=\"\" width=\"300\" height=\"225\" data-id=\"1508\" srcset=\"https:\/\/caminsbalears.org\/wp-content\/uploads\/2018\/05\/IMG-0294-300x225.jpg 300w, https:\/\/caminsbalears.org\/wp-content\/uploads\/2018\/05\/IMG-0294-1024x768.jpg 1024w, https:\/\/caminsbalears.org\/wp-content\/uploads\/2018\/05\/IMG-0294-768x576.jpg 768w, https:\/\/caminsbalears.org\/wp-content\/uploads\/2018\/05\/IMG-0294-1536x1152.jpg 1536w, https:\/\/caminsbalears.org\/wp-content\/uploads\/2018\/05\/IMG-0294-2048x1536.jpg 2048w\" sizes=\"(max-width: 300px) 100vw, 300px\" \/><\/p>\n<p><img decoding=\"async\" class=\"alignnone size-medium wp-image-1509\" src=\"http:\/\/caminsbalears.org\/wp-content\/uploads\/2018\/05\/IMG-0295-300x225.jpg\" alt=\"\" width=\"300\" height=\"225\" data-id=\"1509\" srcset=\"https:\/\/caminsbalears.org\/wp-content\/uploads\/2018\/05\/IMG-0295-300x225.jpg 300w, https:\/\/caminsbalears.org\/wp-content\/uploads\/2018\/05\/IMG-0295-1024x768.jpg 1024w, https:\/\/caminsbalears.org\/wp-content\/uploads\/2018\/05\/IMG-0295-768x576.jpg 768w, https:\/\/caminsbalears.org\/wp-content\/uploads\/2018\/05\/IMG-0295-1536x1152.jpg 1536w, https:\/\/caminsbalears.org\/wp-content\/uploads\/2018\/05\/IMG-0295-2048x1536.jpg 2048w\" sizes=\"(max-width: 300px) 100vw, 300px\" \/><\/p>\n<p><img loading=\"lazy\" decoding=\"async\" class=\"alignnone size-medium wp-image-1510\" src=\"http:\/\/caminsbalears.org\/wp-content\/uploads\/2018\/05\/IMG-0296-300x225.jpg\" alt=\"\" width=\"300\" height=\"225\" data-id=\"1510\" srcset=\"https:\/\/caminsbalears.org\/wp-content\/uploads\/2018\/05\/IMG-0296-300x225.jpg 300w, https:\/\/caminsbalears.org\/wp-content\/uploads\/2018\/05\/IMG-0296-1024x768.jpg 1024w, https:\/\/caminsbalears.org\/wp-content\/uploads\/2018\/05\/IMG-0296-768x576.jpg 768w, https:\/\/caminsbalears.org\/wp-content\/uploads\/2018\/05\/IMG-0296-1536x1152.jpg 1536w, https:\/\/caminsbalears.org\/wp-content\/uploads\/2018\/05\/IMG-0296-2048x1536.jpg 2048w\" sizes=\"(max-width: 300px) 100vw, 300px\" \/><\/p>\n","protected":false},"excerpt":{"rendered":"<p>Palma.- Un any m\u00e9s es va celebrar divendres passat 18 de maig el sopar del nostre patr\u00f3, Santo Domingo de la Calzada. Aquesta vegada va ser en el Restaurant \u00c9s Baluard i com cada any vam poder gaudir de retrobar-nos els col\u00b7legiats de Balears i poder passar una estona agradable.<\/p>\n","protected":false},"author":2,"featured_media":0,"comment_status":"closed","ping_status":"open","sticky":false,"template":"","format":"standard","meta":{"footnotes":""},"categories":[29],"tags":[],"class_list":["post-3644","post","type-post","status-publish","format-standard","hentry","category-el-collegi-informa"],"_links":{"self":[{"href":"https:\/\/caminsbalears.org\/ca\/wp-json\/wp\/v2\/posts\/3644","targetHints":{"allow":["GET"]}}],"collection":[{"href":"https:\/\/caminsbalears.org\/ca\/wp-json\/wp\/v2\/posts"}],"about":[{"href":"https:\/\/caminsbalears.org\/ca\/wp-json\/wp\/v2\/types\/post"}],"author":[{"embeddable":true,"href":"https:\/\/caminsbalears.org\/ca\/wp-json\/wp\/v2\/users\/2"}],"replies":[{"embeddable":true,"href":"https:\/\/caminsbalears.org\/ca\/wp-json\/wp\/v2\/comments?post=3644"}],"version-history":[{"count":1,"href":"https:\/\/caminsbalears.org\/ca\/wp-json\/wp\/v2\/posts\/3644\/revisions"}],"predecessor-version":[{"id":3645,"href":"https:\/\/caminsbalears.org\/ca\/wp-json\/wp\/v2\/posts\/3644\/revisions\/3645"}],"wp:attachment":[{"href":"https:\/\/caminsbalears.org\/ca\/wp-json\/wp\/v2\/media?parent=3644"}],"wp:term":[{"taxonomy":"category","embeddable":true,"href":"https:\/\/caminsbalears.org\/ca\/wp-json\/wp\/v2\/categories?post=3644"},{"taxonomy":"post_tag","embeddable":true,"href":"https:\/\/caminsbalears.org\/ca\/wp-json\/wp\/v2\/tags?post=3644"}],"curies":[{"name":"wp","href":"https:\/\/api.w.org\/{rel}","templated":true}]}}