{"id":3637,"date":"2018-07-31T12:14:52","date_gmt":"2018-07-31T12:14:52","guid":{"rendered":"http:\/\/caminsbalears.org\/vacaciones-verano\/"},"modified":"2023-03-09T11:04:05","modified_gmt":"2023-03-09T11:04:05","slug":"vacaciones-verano","status":"publish","type":"post","link":"https:\/\/caminsbalears.org\/ca\/vacaciones-verano\/","title":{"rendered":"La Demarcaci\u00f3 inicia les vacacions d\u2019estiu"},"content":{"rendered":"<p>Palma.- Com cada any la Demarcaci\u00f3 romandr\u00e0 tancada per vacances durant el mes d&#8217;agost. Obrir\u00e0 \u00fanicament el dia 14 d&#8217;agost de 10 a 12 h per a urg\u00e8ncies.<\/p>\n<div class=\"btns-llengues row\">\n<div class=\"col-xs-12\">\n<div class=\"btns-llengues-origen btn-group\" role=\"group\">\n<div class=\"btn-group\" role=\"group\">\n<div id=\"div_select_origin\">\n<div class=\"form-control second-textarea\"><\/div>\n<\/div>\n<\/div>\n<\/div>\n<\/div>\n<\/div>\n","protected":false},"excerpt":{"rendered":"<p>Palma.- Com cada any la Demarcaci\u00f3 romandr\u00e0 tancada per vacances durant el mes d&#8217;agost. Obrir\u00e0 \u00fanicament el dia 14 d&#8217;agost de 10 a 12 h per a urg\u00e8ncies.<\/p>\n","protected":false},"author":2,"featured_media":3235,"comment_status":"closed","ping_status":"open","sticky":false,"template":"","format":"standard","meta":{"footnotes":""},"categories":[29],"tags":[],"class_list":["post-3637","post","type-post","status-publish","format-standard","has-post-thumbnail","hentry","category-el-collegi-informa"],"_links":{"self":[{"href":"https:\/\/caminsbalears.org\/ca\/wp-json\/wp\/v2\/posts\/3637","targetHints":{"allow":["GET"]}}],"collection":[{"href":"https:\/\/caminsbalears.org\/ca\/wp-json\/wp\/v2\/posts"}],"about":[{"href":"https:\/\/caminsbalears.org\/ca\/wp-json\/wp\/v2\/types\/post"}],"author":[{"embeddable":true,"href":"https:\/\/caminsbalears.org\/ca\/wp-json\/wp\/v2\/users\/2"}],"replies":[{"embeddable":true,"href":"https:\/\/caminsbalears.org\/ca\/wp-json\/wp\/v2\/comments?post=3637"}],"version-history":[{"count":1,"href":"https:\/\/caminsbalears.org\/ca\/wp-json\/wp\/v2\/posts\/3637\/revisions"}],"predecessor-version":[{"id":3638,"href":"https:\/\/caminsbalears.org\/ca\/wp-json\/wp\/v2\/posts\/3637\/revisions\/3638"}],"wp:featuredmedia":[{"embeddable":true,"href":"https:\/\/caminsbalears.org\/ca\/wp-json\/wp\/v2\/media\/3235"}],"wp:attachment":[{"href":"https:\/\/caminsbalears.org\/ca\/wp-json\/wp\/v2\/media?parent=3637"}],"wp:term":[{"taxonomy":"category","embeddable":true,"href":"https:\/\/caminsbalears.org\/ca\/wp-json\/wp\/v2\/categories?post=3637"},{"taxonomy":"post_tag","embeddable":true,"href":"https:\/\/caminsbalears.org\/ca\/wp-json\/wp\/v2\/tags?post=3637"}],"curies":[{"name":"wp","href":"https:\/\/api.w.org\/{rel}","templated":true}]}}