{"id":3634,"date":"2018-09-11T13:34:06","date_gmt":"2018-09-11T13:34:06","guid":{"rendered":"http:\/\/caminsbalears.org\/oferta-empleo-amer-obres-i-serveis\/"},"modified":"2023-03-09T11:03:15","modified_gmt":"2023-03-09T11:03:15","slug":"oferta-empleo-amer-obres-i-serveis","status":"publish","type":"post","link":"https:\/\/caminsbalears.org\/ca\/oferta-empleo-amer-obres-i-serveis\/","title":{"rendered":"Amer Obres i Serveis publica una oferta de feina per a cap d\u2019obra"},"content":{"rendered":"<p>Palma.- Amer Obres i Serveis ha publicat una oferta d&#8217;ocupaci\u00f3 per a cap d&#8217;obra.<\/p>\n<p>L&#8217;empresa comunica que \u201csom una empresa mallorquina que compta amb m\u00e9s de 50 anys d&#8217;experi\u00e8ncia en el sector de la construcci\u00f3 i dels serveis integrals. Ens adaptem a qualsevol mena de projecte de construcci\u00f3 (infraestructures p\u00fabliques, edificaci\u00f3, demolicions, etc.) i assumim l&#8217;explotaci\u00f3 de serveis p\u00fablics (recollida RSU) i de manteniment (depuradores, carreteres, parcs i jardins, etc.). Estam cercant a un cap d&#8217;obra per a incorporar-se al nostre equip corporatiu a Inca\u201d.<\/p>\n<p><strong>FUNCIONS<\/strong><\/p>\n<p>Depenent del Director, vetllar\u00e0\u00a0 per la correcta evoluci\u00f3 de les obres assignades, realitzant la planificaci\u00f3, execuci\u00f3 i seguiment segons la pautes t\u00e8cniques, de qualitat de l&#8217;organitzaci\u00f3 i sol\u00b7licitant els mitjans que necessiti, fent costat al seu control econ\u00f2mic i efici\u00e8ncia i representant davant la Direcci\u00f3 Facultativa\/Client a l&#8217;empresa.<\/p>\n<ul>\n<li>Responsabilitzar-se de la Gesti\u00f3 Econ\u00f2mica de l&#8217;obra, realitzar i planificar l&#8217;estudi econ\u00f2mic inicial del projecte contractat, analitzant les possibles modificacions per a millorar el resultat, gestionant aquests canvis amb el client. Realitzar\u00e0 el seguiment mensual de la planificaci\u00f3, verificant les desviacions de cost, venda i resultat. Negociaci\u00f3 de preus i col\u00b7laboraci\u00f3 amb el departament de compres. Realitzar\u00e0 la producci\u00f3 i la previsi\u00f3 de costos del per\u00edode establert per al tancament mensual, aix\u00ed com la certificaci\u00f3 mensual per a la seva posterior facturaci\u00f3 i seguiment. Realitzar\u00e0 les factures proformas per a enviar a industrials o subcontractes.<\/li>\n<li>Responsabilitzar-se de Gesti\u00f3 T\u00e8cnica, haur\u00e0 de realitzar un estudi exhaustiu del contracte i del projecte, Analitzar els plecs t\u00e8cnics i administratius, resumir les condicions especifiques i comunicar-les als departaments afectats (dpto. t\u00e8cnic, rrhh, sgi, etc), Proposar els procediments constructius que s&#8217;empraran. Dimensionar el personal i equips que intervindran en l&#8217;obra. Realitzar un cronograma de les obres i determinar les dates claus de terminaci\u00f3. Efectuar el seguiment de la planificaci\u00f3 t\u00e8cnica verificant les desviacions en els endarreriments. Representar a l&#8217;empresa davant la propietat de l&#8217;obra de la qual es responsabilitza, i gestionar amb ella els canvis t\u00e8cnics i modificacions econ\u00f2miques.<\/li>\n<\/ul>\n<p>Pel que fa als requisits s\u00f3n:<\/p>\n<ul>\n<li>Estudis finalitzats d&#8217;Enginyer de camins, canals i ports.<\/li>\n<li>Coneixements avan\u00e7ats d&#8217;obra i procediments constructius.<\/li>\n<li>Formaci\u00f3 en Prevenci\u00f3 de Riscos Laborals espec\u00edfics.<\/li>\n<li>Nivell avan\u00e7at en ofim\u00e0tica, Presto, Autocad, Project i Office.<\/li>\n<li>Experi\u00e8ncia m\u00ednima de 3 anys.<\/li>\n<li>Es valoraran coneixements en entorn BIM, Responsabilitat Mediambiental i RSC, i Prevenci\u00f3 de Riscos Laborals.<\/li>\n<\/ul>\n<p>Pel que fa a les condicions que s&#8217;ofereixen:<\/p>\n<ul>\n<li>Tipus de contracte: Indefinit.<\/li>\n<li>Rang salarial segons v\u00e0lua del candidat.<\/li>\n<li>Horari: Dilluns a Dijous de 9.00 a 14:00h i de 15.00 a 18:00h. Divendres de 8.00 a 15.00 h<\/li>\n<\/ul>\n<p>Interessats enviar CV a seleccionrrhh@amerehijos.com<\/p>\n<p>&nbsp;<\/p>\n","protected":false},"excerpt":{"rendered":"<p>Palma.- Amer Obres i Serveis ha publicat una oferta d&#8217;ocupaci\u00f3 per a cap d&#8217;obra. L&#8217;empresa comunica que \u201csom una empresa mallorquina que compta amb m\u00e9s de 50 anys d&#8217;experi\u00e8ncia en el sector de la construcci\u00f3 i dels serveis integrals. Ens adaptem a qualsevol mena de projecte de construcci\u00f3 (infraestructures p\u00fabliques, edificaci\u00f3, demolicions, etc.) i assumim [&hellip;]<\/p>\n","protected":false},"author":2,"featured_media":3233,"comment_status":"closed","ping_status":"open","sticky":false,"template":"","format":"standard","meta":{"footnotes":""},"categories":[29],"tags":[],"class_list":["post-3634","post","type-post","status-publish","format-standard","has-post-thumbnail","hentry","category-el-collegi-informa"],"_links":{"self":[{"href":"https:\/\/caminsbalears.org\/ca\/wp-json\/wp\/v2\/posts\/3634","targetHints":{"allow":["GET"]}}],"collection":[{"href":"https:\/\/caminsbalears.org\/ca\/wp-json\/wp\/v2\/posts"}],"about":[{"href":"https:\/\/caminsbalears.org\/ca\/wp-json\/wp\/v2\/types\/post"}],"author":[{"embeddable":true,"href":"https:\/\/caminsbalears.org\/ca\/wp-json\/wp\/v2\/users\/2"}],"replies":[{"embeddable":true,"href":"https:\/\/caminsbalears.org\/ca\/wp-json\/wp\/v2\/comments?post=3634"}],"version-history":[{"count":1,"href":"https:\/\/caminsbalears.org\/ca\/wp-json\/wp\/v2\/posts\/3634\/revisions"}],"predecessor-version":[{"id":3635,"href":"https:\/\/caminsbalears.org\/ca\/wp-json\/wp\/v2\/posts\/3634\/revisions\/3635"}],"wp:featuredmedia":[{"embeddable":true,"href":"https:\/\/caminsbalears.org\/ca\/wp-json\/wp\/v2\/media\/3233"}],"wp:attachment":[{"href":"https:\/\/caminsbalears.org\/ca\/wp-json\/wp\/v2\/media?parent=3634"}],"wp:term":[{"taxonomy":"category","embeddable":true,"href":"https:\/\/caminsbalears.org\/ca\/wp-json\/wp\/v2\/categories?post=3634"},{"taxonomy":"post_tag","embeddable":true,"href":"https:\/\/caminsbalears.org\/ca\/wp-json\/wp\/v2\/tags?post=3634"}],"curies":[{"name":"wp","href":"https:\/\/api.w.org\/{rel}","templated":true}]}}