{"id":3631,"date":"2018-09-11T13:37:24","date_gmt":"2018-09-11T13:37:24","guid":{"rendered":"http:\/\/caminsbalears.org\/oferta-de-empleo-amer-obres-i-serveis\/"},"modified":"2023-03-09T11:02:18","modified_gmt":"2023-03-09T11:02:18","slug":"oferta-de-empleo-amer-obres-i-serveis","status":"publish","type":"post","link":"https:\/\/caminsbalears.org\/ca\/oferta-de-empleo-amer-obres-i-serveis\/","title":{"rendered":"Amer Obres i Serveis publica una oferta de feina"},"content":{"rendered":"<p>Palma.- Amer Obres i Serveis ha publicat una oferta de feina per a t\u00e8cnic\/a d&#8217;estudis d&#8217;edificaci\u00f3.<\/p>\n<p>L&#8217;empresa comunica que &#8220;som una empresa mallorquina que compta amb m\u00e9s de 50 anys d&#8217;experi\u00e8ncia en el sector de la construcci\u00f3 i dels serveis integrals. Ens adaptem a qualsevol mena de projecte de construcci\u00f3 (infraestructures p\u00fabliques, edificaci\u00f3, demolicions, etc.) i assumim l&#8217;explotaci\u00f3 de serveis p\u00fablics (recollida RSU) i de manteniment (depuradores, carreteres, parcs i jardins, etc.). Estam cercant un\/a T\u00e8cnic\/a d&#8217;Estudis d&#8217;Edificaci\u00f3 per a incorporar-se al nostre equip corporatiu a Inca&#8221;.<\/p>\n<p>Sobre el lloc de treball, depenent del Cap d&#8217;Estudis, s&#8217;encarregar\u00e0 d&#8217;estudiar i redactar la part t\u00e8cnica i econ\u00f2mica dels concursos p\u00fablics i privats als quals es presenti l&#8217;empresa, que impliquen:<\/p>\n<p>\u2022 Organitzaci\u00f3: Obtenir tota la informaci\u00f3 del concurs, entendre el seu abast,<br \/>\nanalitzar els plecs t\u00e8cnics i administratius, realitzar l&#8217;estudi econ\u00f2mic,<br \/>\ncoordinar les ofertes amb els col\u00b7laboradors externs i buscar alternatives que<br \/>\nmillorin l&#8217;oferta.<br \/>\n\u2022 Finalitzaci\u00f3: Realitzar el seguiment de les ofertes realitzades, tancar i documentar els projectes, realitzar estad\u00edstiques de les obres, analitzar els motius de les no adjudicacions, etc.<br \/>\n\u2022 Sistema de Gesti\u00f3: Garantir el bon \u00fas dels recursos i equips de treball i assegurar les bones pr\u00e0ctiques mig ambientals.<\/p>\n<p>En refer\u00e8ncia als requisits, aquests s\u00f3n:<\/p>\n<p>\u2022 Estudis finalitzats d&#8217;Enginyeria<br \/>\n\u2022 Coneixements avan\u00e7ats d&#8217;obra i procediments constructius.<br \/>\n\u2022 Formaci\u00f3 en Prevenci\u00f3 de Riscos Laborals espec\u00edfics.<br \/>\n\u2022 Nivell avan\u00e7at en ofim\u00e0tica, especialment en entorn BIM, Prest, Autocad,<br \/>\nProject i Excel.<br \/>\n\u2022 Experi\u00e8ncia m\u00ednima de 3 anys en lloc similar.<br \/>\n\u2022 Es valoraran coneixements en Responsabilitat Mediambiental i RSC.<\/p>\n<p>Finalment, s&#8217;ofereix<\/p>\n<p>\u2022 Tipus de contracte: Indefinit.<br \/>\n\u2022 Rang salarial segons valia candidat.<br \/>\n\u2022 Horari: dilluns a dijous de 9h-*14h i de 15h-*18h. Divendres de 8h-*15h.<\/p>\n<p>Interessats enviar CV a seleccionrrhh@amerehijos.com<\/p>\n","protected":false},"excerpt":{"rendered":"<p>Palma.- Amer Obres i Serveis ha publicat una oferta de feina per a t\u00e8cnic\/a d&#8217;estudis d&#8217;edificaci\u00f3. L&#8217;empresa comunica que &#8220;som una empresa mallorquina que compta amb m\u00e9s de 50 anys d&#8217;experi\u00e8ncia en el sector de la construcci\u00f3 i dels serveis integrals. Ens adaptem a qualsevol mena de projecte de construcci\u00f3 (infraestructures p\u00fabliques, edificaci\u00f3, demolicions, etc.) [&hellip;]<\/p>\n","protected":false},"author":2,"featured_media":3232,"comment_status":"closed","ping_status":"open","sticky":false,"template":"","format":"standard","meta":{"footnotes":""},"categories":[29],"tags":[],"class_list":["post-3631","post","type-post","status-publish","format-standard","has-post-thumbnail","hentry","category-el-collegi-informa"],"_links":{"self":[{"href":"https:\/\/caminsbalears.org\/ca\/wp-json\/wp\/v2\/posts\/3631","targetHints":{"allow":["GET"]}}],"collection":[{"href":"https:\/\/caminsbalears.org\/ca\/wp-json\/wp\/v2\/posts"}],"about":[{"href":"https:\/\/caminsbalears.org\/ca\/wp-json\/wp\/v2\/types\/post"}],"author":[{"embeddable":true,"href":"https:\/\/caminsbalears.org\/ca\/wp-json\/wp\/v2\/users\/2"}],"replies":[{"embeddable":true,"href":"https:\/\/caminsbalears.org\/ca\/wp-json\/wp\/v2\/comments?post=3631"}],"version-history":[{"count":1,"href":"https:\/\/caminsbalears.org\/ca\/wp-json\/wp\/v2\/posts\/3631\/revisions"}],"predecessor-version":[{"id":3632,"href":"https:\/\/caminsbalears.org\/ca\/wp-json\/wp\/v2\/posts\/3631\/revisions\/3632"}],"wp:featuredmedia":[{"embeddable":true,"href":"https:\/\/caminsbalears.org\/ca\/wp-json\/wp\/v2\/media\/3232"}],"wp:attachment":[{"href":"https:\/\/caminsbalears.org\/ca\/wp-json\/wp\/v2\/media?parent=3631"}],"wp:term":[{"taxonomy":"category","embeddable":true,"href":"https:\/\/caminsbalears.org\/ca\/wp-json\/wp\/v2\/categories?post=3631"},{"taxonomy":"post_tag","embeddable":true,"href":"https:\/\/caminsbalears.org\/ca\/wp-json\/wp\/v2\/tags?post=3631"}],"curies":[{"name":"wp","href":"https:\/\/api.w.org\/{rel}","templated":true}]}}