{"id":3628,"date":"2018-09-11T14:30:25","date_gmt":"2018-09-11T14:30:25","guid":{"rendered":"http:\/\/caminsbalears.org\/esposicion-eusebio-estada-en-portocristo\/"},"modified":"2023-03-09T11:01:17","modified_gmt":"2023-03-09T11:01:17","slug":"esposicion-eusebio-estada-en-portocristo","status":"publish","type":"post","link":"https:\/\/caminsbalears.org\/ca\/esposicion-eusebio-estada-en-portocristo\/","title":{"rendered":"L\u2019exposici\u00f3 d\u2019Eusebi Estada, a Portocristo"},"content":{"rendered":"<p>Palma.- El Col\u00b7legi d&#8217;Enginyers de Camins, Canals i Ports i Ports de les Illes Balears inauguraren el passat dimecres 1 d&#8217;agost l&#8217;exposici\u00f3 de 100 Anys d&#8217;Eusebi Estada<\/p>\n<p>L&#8217;exposici\u00f3 recull en 10 imatges d&#8217;aproximadament un metre quadrat les principals obres de l&#8217;enginyer que va modernitzar Palma, va millorar la connectivitat ferrovi\u00e0ria de l&#8217;illa i la navegaci\u00f3 a les Balears.<\/p>\n<p>L&#8217;exposici\u00f3 romandr\u00e0 a Portocristo fins al pr\u00f2xim 20 de setembre.<\/p>\n<p><img fetchpriority=\"high\" decoding=\"async\" class=\"alignnone wp-image-1531\" src=\"http:\/\/caminsbalears.org\/wp-content\/uploads\/2018\/09\/foto-exposici\u00f3n-portocristo-300x169.jpg\" alt=\"\" width=\"455\" height=\"255\" data-id=\"1531\" \/><\/p>\n<p>&nbsp;<\/p>\n","protected":false},"excerpt":{"rendered":"<p>Palma.- El Col\u00b7legi d&#8217;Enginyers de Camins, Canals i Ports i Ports de les Illes Balears inauguraren el passat dimecres 1 d&#8217;agost l&#8217;exposici\u00f3 de 100 Anys d&#8217;Eusebi Estada L&#8217;exposici\u00f3 recull en 10 imatges d&#8217;aproximadament un metre quadrat les principals obres de l&#8217;enginyer que va modernitzar Palma, va millorar la connectivitat ferrovi\u00e0ria de l&#8217;illa i la navegaci\u00f3 [&hellip;]<\/p>\n","protected":false},"author":2,"featured_media":3234,"comment_status":"closed","ping_status":"open","sticky":false,"template":"","format":"standard","meta":{"footnotes":""},"categories":[29],"tags":[],"class_list":["post-3628","post","type-post","status-publish","format-standard","has-post-thumbnail","hentry","category-el-collegi-informa"],"_links":{"self":[{"href":"https:\/\/caminsbalears.org\/ca\/wp-json\/wp\/v2\/posts\/3628","targetHints":{"allow":["GET"]}}],"collection":[{"href":"https:\/\/caminsbalears.org\/ca\/wp-json\/wp\/v2\/posts"}],"about":[{"href":"https:\/\/caminsbalears.org\/ca\/wp-json\/wp\/v2\/types\/post"}],"author":[{"embeddable":true,"href":"https:\/\/caminsbalears.org\/ca\/wp-json\/wp\/v2\/users\/2"}],"replies":[{"embeddable":true,"href":"https:\/\/caminsbalears.org\/ca\/wp-json\/wp\/v2\/comments?post=3628"}],"version-history":[{"count":1,"href":"https:\/\/caminsbalears.org\/ca\/wp-json\/wp\/v2\/posts\/3628\/revisions"}],"predecessor-version":[{"id":3629,"href":"https:\/\/caminsbalears.org\/ca\/wp-json\/wp\/v2\/posts\/3628\/revisions\/3629"}],"wp:featuredmedia":[{"embeddable":true,"href":"https:\/\/caminsbalears.org\/ca\/wp-json\/wp\/v2\/media\/3234"}],"wp:attachment":[{"href":"https:\/\/caminsbalears.org\/ca\/wp-json\/wp\/v2\/media?parent=3628"}],"wp:term":[{"taxonomy":"category","embeddable":true,"href":"https:\/\/caminsbalears.org\/ca\/wp-json\/wp\/v2\/categories?post=3628"},{"taxonomy":"post_tag","embeddable":true,"href":"https:\/\/caminsbalears.org\/ca\/wp-json\/wp\/v2\/tags?post=3628"}],"curies":[{"name":"wp","href":"https:\/\/api.w.org\/{rel}","templated":true}]}}