{"id":3625,"date":"2018-11-24T13:49:22","date_gmt":"2018-11-24T13:49:22","guid":{"rendered":"http:\/\/caminsbalears.org\/la-exposicion-sobre-eusebi-estada-ya-esta-en-ses-coves-blanques-sant-antoni\/"},"modified":"2023-03-09T10:59:58","modified_gmt":"2023-03-09T10:59:58","slug":"la-exposicion-sobre-eusebi-estada-ya-esta-en-ses-coves-blanques-sant-antoni","status":"publish","type":"post","link":"https:\/\/caminsbalears.org\/ca\/la-exposicion-sobre-eusebi-estada-ya-esta-en-ses-coves-blanques-sant-antoni\/","title":{"rendered":"L\u2019exposici\u00f3 sobre Eusebi Estada ja \u00e9s a Ses Coves Blanques, Sant Antoni"},"content":{"rendered":"<p>Sant Antoni.- PortsIB, l&#8217;Ajuntament de Sant Antoni i el Col\u00b7legi d&#8217;Enginyers, Camins, Canals i Ports han inaugurat avui a les 11,00 hores l&#8217;exposici\u00f3 \u201c100 Anys Eusebi Estada\u201d enfront de la seu de l&#8217;Autoritat Portu\u00e0ria de Balears. L&#8217;exposici\u00f3 recull 10 imatges de Eusebi Estada, mort en 1917, i el seu llegat, preses durant el primer centenari de la seva defunci\u00f3. Les fotografies tenen una dimensi\u00f3 de prop d&#8217;un metre quadrat i reflecteixen la imatge de Eusebi Estada en el sal\u00f3 de plens del Ajuntament de Palma; el llibre \u201cLa Ciutat de Palma, la seva ind\u00fastria, les seves fortificacions, les seves condicions sanit\u00e0ries i el seu eixample\u201d; la declaraci\u00f3 de Fill Il\u00b7lustre de Palma, i fars (dos de Dragonera; el de Punta Avan\u00e7ada a Pollen\u00e7a, i el de Ses Coves Blanques, a Sant Antoni), ponts (el de Sa Riera de Palma i els ferroviaris del Torrent dels Jueus (Palma\/Llucmajor) i de la carreteres d&#8217;Inca a Lluc, de la qual recull imatges del Salt de la Bella Dona. L&#8217;exposici\u00f3 compta amb el patrocini d&#8217;Autoritat Portu\u00e0ria dels Illes Balears; Ports dels Illes Balears &#8211; Conselleria de Mobilitat, Territori i Energia del Govern dels Illes Balears; Departament de Carreteres del Consell de Mallorca, i Ajuntament de Palma. Les imatges han estat preses per Kamal Fotografia (com \u00e9s el cas de la imatge de Ses Coves Blanques) o cedides per Autoritat Portu\u00e0ria dels Illes Balears. A la inauguraci\u00f3 han acudit per part de PorstIB, empresa p\u00fablica dependent del Govern dels Illes Balears, el seu director, Pedro Puigdengoles, i per part del Col\u00b7legi d&#8217;Enginyers de Camins, Canals i Ports, la seva delegada a Eivissa i Formentera, Sara Lobato.<\/p>\n<p>&nbsp;<\/p>\n<div class=\"textarea-desti col-xs-12 col-sm-6\">\n<div class=\"form-control second-textarea\"><\/div>\n<\/div>\n","protected":false},"excerpt":{"rendered":"<p>Sant Antoni.- PortsIB, l&#8217;Ajuntament de Sant Antoni i el Col\u00b7legi d&#8217;Enginyers, Camins, Canals i Ports han inaugurat avui a les 11,00 hores l&#8217;exposici\u00f3 \u201c100 Anys Eusebi Estada\u201d enfront de la seu de l&#8217;Autoritat Portu\u00e0ria de Balears. L&#8217;exposici\u00f3 recull 10 imatges de Eusebi Estada, mort en 1917, i el seu llegat, preses durant el primer centenari [&hellip;]<\/p>\n","protected":false},"author":2,"featured_media":3092,"comment_status":"closed","ping_status":"open","sticky":false,"template":"","format":"standard","meta":{"footnotes":""},"categories":[29],"tags":[],"class_list":["post-3625","post","type-post","status-publish","format-standard","has-post-thumbnail","hentry","category-el-collegi-informa"],"_links":{"self":[{"href":"https:\/\/caminsbalears.org\/ca\/wp-json\/wp\/v2\/posts\/3625","targetHints":{"allow":["GET"]}}],"collection":[{"href":"https:\/\/caminsbalears.org\/ca\/wp-json\/wp\/v2\/posts"}],"about":[{"href":"https:\/\/caminsbalears.org\/ca\/wp-json\/wp\/v2\/types\/post"}],"author":[{"embeddable":true,"href":"https:\/\/caminsbalears.org\/ca\/wp-json\/wp\/v2\/users\/2"}],"replies":[{"embeddable":true,"href":"https:\/\/caminsbalears.org\/ca\/wp-json\/wp\/v2\/comments?post=3625"}],"version-history":[{"count":1,"href":"https:\/\/caminsbalears.org\/ca\/wp-json\/wp\/v2\/posts\/3625\/revisions"}],"predecessor-version":[{"id":3626,"href":"https:\/\/caminsbalears.org\/ca\/wp-json\/wp\/v2\/posts\/3625\/revisions\/3626"}],"wp:featuredmedia":[{"embeddable":true,"href":"https:\/\/caminsbalears.org\/ca\/wp-json\/wp\/v2\/media\/3092"}],"wp:attachment":[{"href":"https:\/\/caminsbalears.org\/ca\/wp-json\/wp\/v2\/media?parent=3625"}],"wp:term":[{"taxonomy":"category","embeddable":true,"href":"https:\/\/caminsbalears.org\/ca\/wp-json\/wp\/v2\/categories?post=3625"},{"taxonomy":"post_tag","embeddable":true,"href":"https:\/\/caminsbalears.org\/ca\/wp-json\/wp\/v2\/tags?post=3625"}],"curies":[{"name":"wp","href":"https:\/\/api.w.org\/{rel}","templated":true}]}}