{"id":3619,"date":"2018-12-20T19:02:46","date_gmt":"2018-12-20T19:02:46","guid":{"rendered":"http:\/\/caminsbalears.org\/felices-fiestas-y-prospero-2019\/"},"modified":"2023-03-09T10:57:59","modified_gmt":"2023-03-09T10:57:59","slug":"felices-fiestas-y-prospero-2019","status":"publish","type":"post","link":"https:\/\/caminsbalears.org\/ca\/felices-fiestas-y-prospero-2019\/","title":{"rendered":"La Demarcaci\u00f3 del Col\u00b7legi d\u2019ECCP a Balears felicita les festes i el 2019"},"content":{"rendered":"<p><img fetchpriority=\"high\" decoding=\"async\" class=\"alignnone wp-image-1566\" src=\"http:\/\/caminsbalears.org\/wp-content\/uploads\/2017\/06\/Molts-dAnys-300x213.jpg\" alt=\"\" width=\"466\" height=\"331\" data-id=\"1566\" srcset=\"https:\/\/caminsbalears.org\/wp-content\/uploads\/2017\/06\/Molts-dAnys-300x213.jpg 300w, https:\/\/caminsbalears.org\/wp-content\/uploads\/2017\/06\/Molts-dAnys.jpg 559w\" sizes=\"(max-width: 466px) 100vw, 466px\" \/><\/p>\n<p>Palma.- La demarcaci\u00f3 romandr\u00e0 oberta els dies 27 i 28, la primera setmana de l&#8217;any i tancar\u00e0 fins el dia 7 de gener del 2019, i felicita les festes i el 2019.<\/p>\n<p>&nbsp;<\/p>\n","protected":false},"excerpt":{"rendered":"<p>Palma.- La demarcaci\u00f3 romandr\u00e0 oberta els dies 27 i 28, la primera setmana de l&#8217;any i tancar\u00e0 fins el dia 7 de gener del 2019, i felicita les festes i el 2019. &nbsp;<\/p>\n","protected":false},"author":2,"featured_media":3095,"comment_status":"closed","ping_status":"open","sticky":false,"template":"","format":"standard","meta":{"footnotes":""},"categories":[29],"tags":[],"class_list":["post-3619","post","type-post","status-publish","format-standard","has-post-thumbnail","hentry","category-el-collegi-informa"],"_links":{"self":[{"href":"https:\/\/caminsbalears.org\/ca\/wp-json\/wp\/v2\/posts\/3619","targetHints":{"allow":["GET"]}}],"collection":[{"href":"https:\/\/caminsbalears.org\/ca\/wp-json\/wp\/v2\/posts"}],"about":[{"href":"https:\/\/caminsbalears.org\/ca\/wp-json\/wp\/v2\/types\/post"}],"author":[{"embeddable":true,"href":"https:\/\/caminsbalears.org\/ca\/wp-json\/wp\/v2\/users\/2"}],"replies":[{"embeddable":true,"href":"https:\/\/caminsbalears.org\/ca\/wp-json\/wp\/v2\/comments?post=3619"}],"version-history":[{"count":1,"href":"https:\/\/caminsbalears.org\/ca\/wp-json\/wp\/v2\/posts\/3619\/revisions"}],"predecessor-version":[{"id":3620,"href":"https:\/\/caminsbalears.org\/ca\/wp-json\/wp\/v2\/posts\/3619\/revisions\/3620"}],"wp:featuredmedia":[{"embeddable":true,"href":"https:\/\/caminsbalears.org\/ca\/wp-json\/wp\/v2\/media\/3095"}],"wp:attachment":[{"href":"https:\/\/caminsbalears.org\/ca\/wp-json\/wp\/v2\/media?parent=3619"}],"wp:term":[{"taxonomy":"category","embeddable":true,"href":"https:\/\/caminsbalears.org\/ca\/wp-json\/wp\/v2\/categories?post=3619"},{"taxonomy":"post_tag","embeddable":true,"href":"https:\/\/caminsbalears.org\/ca\/wp-json\/wp\/v2\/tags?post=3619"}],"curies":[{"name":"wp","href":"https:\/\/api.w.org\/{rel}","templated":true}]}}