{"id":3616,"date":"2019-01-24T19:23:02","date_gmt":"2019-01-24T19:23:02","guid":{"rendered":"http:\/\/caminsbalears.org\/taller-bim\/"},"modified":"2023-03-09T10:56:51","modified_gmt":"2023-03-09T10:56:51","slug":"taller-bim","status":"publish","type":"post","link":"https:\/\/caminsbalears.org\/ca\/taller-bim\/","title":{"rendered":"La Demarcaci\u00f3 del Col\u00b7legi d\u2019ECCP organitza un taller de BIM"},"content":{"rendered":"<p>Palma.- Els propers 21 i 22 de febrer la demarcaci\u00f3 de Balears realitza un taller de BIM. L&#8217;objectiu de la jornada \u00e9s fomentar la implantaci\u00f3 de la metodologia BIM en el sector de l&#8217;enginyeria civil i la construcci\u00f3.<\/p>\n<p>Programa <a href=\"http:\/\/caminsbalears.org\/wp-content\/uploads\/2019\/01\/JORNADA-BIM-21-Y-22-FEB-2019.pdf\">JORNADA BIM 21 Y 22 FEB 2019<\/a><\/p>\n<p>&nbsp;<\/p>\n","protected":false},"excerpt":{"rendered":"<p>Palma.- Els propers 21 i 22 de febrer la demarcaci\u00f3 de Balears realitza un taller de BIM. L&#8217;objectiu de la jornada \u00e9s fomentar la implantaci\u00f3 de la metodologia BIM en el sector de l&#8217;enginyeria civil i la construcci\u00f3. Programa JORNADA BIM 21 Y 22 FEB 2019 &nbsp;<\/p>\n","protected":false},"author":2,"featured_media":3100,"comment_status":"closed","ping_status":"open","sticky":false,"template":"","format":"standard","meta":{"footnotes":""},"categories":[29,30],"tags":[],"class_list":["post-3616","post","type-post","status-publish","format-standard","has-post-thumbnail","hentry","category-el-collegi-informa","category-eventos-ca"],"_links":{"self":[{"href":"https:\/\/caminsbalears.org\/ca\/wp-json\/wp\/v2\/posts\/3616","targetHints":{"allow":["GET"]}}],"collection":[{"href":"https:\/\/caminsbalears.org\/ca\/wp-json\/wp\/v2\/posts"}],"about":[{"href":"https:\/\/caminsbalears.org\/ca\/wp-json\/wp\/v2\/types\/post"}],"author":[{"embeddable":true,"href":"https:\/\/caminsbalears.org\/ca\/wp-json\/wp\/v2\/users\/2"}],"replies":[{"embeddable":true,"href":"https:\/\/caminsbalears.org\/ca\/wp-json\/wp\/v2\/comments?post=3616"}],"version-history":[{"count":1,"href":"https:\/\/caminsbalears.org\/ca\/wp-json\/wp\/v2\/posts\/3616\/revisions"}],"predecessor-version":[{"id":3617,"href":"https:\/\/caminsbalears.org\/ca\/wp-json\/wp\/v2\/posts\/3616\/revisions\/3617"}],"wp:featuredmedia":[{"embeddable":true,"href":"https:\/\/caminsbalears.org\/ca\/wp-json\/wp\/v2\/media\/3100"}],"wp:attachment":[{"href":"https:\/\/caminsbalears.org\/ca\/wp-json\/wp\/v2\/media?parent=3616"}],"wp:term":[{"taxonomy":"category","embeddable":true,"href":"https:\/\/caminsbalears.org\/ca\/wp-json\/wp\/v2\/categories?post=3616"},{"taxonomy":"post_tag","embeddable":true,"href":"https:\/\/caminsbalears.org\/ca\/wp-json\/wp\/v2\/tags?post=3616"}],"curies":[{"name":"wp","href":"https:\/\/api.w.org\/{rel}","templated":true}]}}