{"id":3610,"date":"2019-03-11T12:49:39","date_gmt":"2019-03-11T12:49:39","guid":{"rendered":"http:\/\/caminsbalears.org\/decimo-aniversario-de-la-perdida-de-miquel-angel-llauger\/"},"modified":"2023-03-09T10:54:55","modified_gmt":"2023-03-09T10:54:55","slug":"decimo-aniversario-de-la-perdida-de-miquel-angel-llauger","status":"publish","type":"post","link":"https:\/\/caminsbalears.org\/ca\/decimo-aniversario-de-la-perdida-de-miquel-angel-llauger\/","title":{"rendered":"Des\u00e8 aniversari de la p\u00e8rdua de Miquel \u00c0ngel Llauger"},"content":{"rendered":"<p>Palma, 11 de mar\u00e7 de 2019.- La Demarcaci\u00f3 a Illes Balears del Col\u00b7legi d&#8217;Enginyers de Camins, Canals i Ports recorda en el des\u00e8 aniversari de la seva defunci\u00f3 a qui va ser el seu deg\u00e0, Miquel \u00c0ngel Llauger. Llauger va morir el 10 de mar\u00e7 del 2009, fa just 10 anys segons recordava ahir en el seu perfil de Facebook el seu fill l&#8217;escriptor Miquel \u00c0ngel Llauger Rossell\u00f3.<\/p>\n<p>La figura de Llauger va transcendir molt m\u00e9s all\u00e0 de la professi\u00f3. A m\u00e9s de deixar 5 fills, va ser una figura molt compromesa amb la ciutat de Palma, i el barri de Es Jonquet, en particular, sent fonamental la seva intervenci\u00f3 perqu\u00e8 el pont sobre el torrent de la Riera, projectat per l&#8217;ECCP Eusebi Estada, i pr\u00f2xim al tradicional barri palmes\u00e0, no es demol\u00eds.<\/p>\n<p>Segons informaci\u00f3 de l&#8217;Ajuntament de Palma, Llauger va n\u00e9ixer el 1926. Es va doctorar com a Enginyer de Camins, Canals i Ports a Madrid amb la tesi &#8220;La carretera de Palma a Andratx&#8221;. De la mateixa manera va ser Cap de Serveis de Carreteres de Balears entre 1969 i 1978 i delegat del Ministeri d&#8217;Obres P\u00fabliques des de 1978 fins a 1984. Posteriorment va ser t\u00e8cnic de la Conselleria d&#8217;Obres P\u00fabliques del Govern balear fins a 1991, i tinent batle de l&#8217;Ajuntament de Palma, despr\u00e9s d&#8217;una carrera pol\u00edtica en la Uni\u00f3 de Centre Democr\u00e0tic (UCD) i en el Partit Popular (PP). Va escriure &#8220;Les rondes de Ciutat (1992)&#8221; sobre les vies de circumval\u00b7laci\u00f3 de Palma. Tamb\u00e9 va ser coordinador i coautor de &#8220;150 anys d\u2019obres p\u00fabliques als Illes Balears (1996)&#8221; i coautor de &#8220;100 anys de l&#8217;autom\u00f2bil a Balears (1997)&#8221;.<\/p>\n","protected":false},"excerpt":{"rendered":"<p>Palma, 11 de mar\u00e7 de 2019.- La Demarcaci\u00f3 a Illes Balears del Col\u00b7legi d&#8217;Enginyers de Camins, Canals i Ports recorda en el des\u00e8 aniversari de la seva defunci\u00f3 a qui va ser el seu deg\u00e0, Miquel \u00c0ngel Llauger. Llauger va morir el 10 de mar\u00e7 del 2009, fa just 10 anys segons recordava ahir en [&hellip;]<\/p>\n","protected":false},"author":2,"featured_media":3104,"comment_status":"closed","ping_status":"open","sticky":false,"template":"","format":"standard","meta":{"footnotes":""},"categories":[29],"tags":[],"class_list":["post-3610","post","type-post","status-publish","format-standard","has-post-thumbnail","hentry","category-el-collegi-informa"],"_links":{"self":[{"href":"https:\/\/caminsbalears.org\/ca\/wp-json\/wp\/v2\/posts\/3610","targetHints":{"allow":["GET"]}}],"collection":[{"href":"https:\/\/caminsbalears.org\/ca\/wp-json\/wp\/v2\/posts"}],"about":[{"href":"https:\/\/caminsbalears.org\/ca\/wp-json\/wp\/v2\/types\/post"}],"author":[{"embeddable":true,"href":"https:\/\/caminsbalears.org\/ca\/wp-json\/wp\/v2\/users\/2"}],"replies":[{"embeddable":true,"href":"https:\/\/caminsbalears.org\/ca\/wp-json\/wp\/v2\/comments?post=3610"}],"version-history":[{"count":1,"href":"https:\/\/caminsbalears.org\/ca\/wp-json\/wp\/v2\/posts\/3610\/revisions"}],"predecessor-version":[{"id":3611,"href":"https:\/\/caminsbalears.org\/ca\/wp-json\/wp\/v2\/posts\/3610\/revisions\/3611"}],"wp:featuredmedia":[{"embeddable":true,"href":"https:\/\/caminsbalears.org\/ca\/wp-json\/wp\/v2\/media\/3104"}],"wp:attachment":[{"href":"https:\/\/caminsbalears.org\/ca\/wp-json\/wp\/v2\/media?parent=3610"}],"wp:term":[{"taxonomy":"category","embeddable":true,"href":"https:\/\/caminsbalears.org\/ca\/wp-json\/wp\/v2\/categories?post=3610"},{"taxonomy":"post_tag","embeddable":true,"href":"https:\/\/caminsbalears.org\/ca\/wp-json\/wp\/v2\/tags?post=3610"}],"curies":[{"name":"wp","href":"https:\/\/api.w.org\/{rel}","templated":true}]}}