{"id":3600,"date":"2019-03-29T09:29:58","date_gmt":"2019-03-29T09:29:58","guid":{"rendered":"http:\/\/caminsbalears.org\/el-colegio-de-iccp-en-balears-y-pitiuses-se-adhiere-desde-hoy-a-la-declaracion-de-davos\/"},"modified":"2023-03-09T10:51:50","modified_gmt":"2023-03-09T10:51:50","slug":"el-colegio-de-iccp-en-balears-y-pitiuses-se-adhiere-desde-hoy-a-la-declaracion-de-davos","status":"publish","type":"post","link":"https:\/\/caminsbalears.org\/ca\/el-colegio-de-iccp-en-balears-y-pitiuses-se-adhiere-desde-hoy-a-la-declaracion-de-davos\/","title":{"rendered":"El Col\u00b7legi d\u2019ECCP a Balears i Piti\u00fcses s\u2019adhereix a la Declaraci\u00f3 de Davos"},"content":{"rendered":"<ul>\n<li style=\"text-align: left;\"><\/li>\n<\/ul>\n<p><img decoding=\"async\" class=\"size-thumbnail wp-image-1627 aligncenter\" src=\"http:\/\/caminsbalears.org\/wp-content\/uploads\/2019\/03\/20190329saralobato.pdf-150x150.jpeg\" alt=\"\" width=\"150\" height=\"150\" data-id=\"1627\" \/><\/p>\n<p>Palma\/Eivissa, 29 de mar\u00e7 de 2019.- La demarcaci\u00f3 a Balears i Piti\u00fcses del Col\u00b7legi Oficial d&#8217;Enginyers de Camins, Canals i Ports, s&#8217;ha adherit avui capvespre a la Declaraci\u00f3 de Davos (Descarregable en l&#8217;enlla\u00e7 anterior) amb la finalitat de donar suport a pol\u00edtiques p\u00fabliques que situ\u00efn la qualitat i la defensa de l&#8217;espai constru\u00eft en l&#8217;epicentre de les transformacions urbanes actuals. La primera adhesi\u00f3 ha tingut lloc en la seu del Col\u00b7legi Oficial d&#8217;Arquitectes d&#8217;Illes Balears a Eivissa, que organitzava l&#8217;acte, on en nom de la Demarcaci\u00f3 del CICCP ha acudit la vocal delegada en Piti\u00fcses, Sara Lobato, que apareix en el centre de la imatge al costat de la Degana del COAIB, Marta Vall-Llosera, qui va convidar al CICCP a la suma d&#8217;aquest esfor\u00e7 transversal per a aconseguir els objectivo de la Declaraci\u00f3. D&#8217;aquesta manera, els ICCP Balears se sumen a la trentena de pa\u00efsos i als m\u00e9s de quaranta organismes i institucions nacionals i internacionals que consideren \u201curgent desenvolupar nous enfocaments per a protegir i promoure els valors culturals de l&#8217;entorn constru\u00eft a Europa\u201d. Tamb\u00e9 s&#8217;han adherit el Govern i el Consell d&#8217;Eivissa, representat pel seu president, Vicente Torres, i la consellera de Cultura Participaci\u00f3 Ciutadana i Esports, Fanny Tur.<\/p>\n<p>La Declaraci\u00f3 de Davos \u00e9s un projecte decisiu per a la defensa del patrimoni cultural i per a potenciar el lla\u00e7 entre les persones, creant \u201csocietats m\u00e9s cohesionades\u201d. Enfront dels canvis socioecon\u00f2mics derivats de la Gran Recessi\u00f3, la quarta revoluci\u00f3 industrial, la urbanitzaci\u00f3 accelerada, les regions perif\u00e8riques en declivi, les migracions i canvis socials, la creixent desigualtat, i l&#8217;amena\u00e7a creixent que suposa l&#8217;escalfament global, la Declaraci\u00f3 advoca per una cultura de l&#8217;habitar (baukultur, en alemany) que, de manera urgent, anteposi \u201cun disseny conscient i deliberat per a cada activitat de construcci\u00f3 i paisatgisme, prioritzant els valors culturals per sobre dels beneficis econ\u00f2mics a curt termini\u201d.<\/p>\n<p>Segons ha informat el Col\u00b7legi Oficial d&#8217;Arquitectes de Balears a Europa Press i publicat La Vanguardia, en aquest acte, han participat tamb\u00e9 els col\u00b7legis oficials d&#8217;Enginyers Industrials; i d&#8217;Aparelladors i T\u00e8cnics d&#8217;Eivissa.<\/p>\n<p>Segons la font informativa, Vall-Llossera, &#8220;ha afirmat que la Declaraci\u00f3 Davos subratlla el valor i el car\u00e0cter irreempla\u00e7ables dels paisatges i del patrimoni cultural d&#8217;Europa, posant l&#8217;accent, no sols a les ciutats i \u00e0rees urbanes, sin\u00f3 tamb\u00e9 en les \u00e0rees perif\u00e8riques i rurals, i en la seva interconnexi\u00f3&#8221;.<\/p>\n<p>Baukultur<\/p>\n<p>Pe\u00e7a central de la Declaraci\u00f3 de Davos, la cultura de l&#8217;habitar o baukultur compr\u00e8n totes les activitats humanes que modifiquen l&#8217;entorn constru\u00eft: des dels edificis existents, inclosos els monuments i altres elements del patrimoni cultural, aix\u00ed com el disseny i la construcci\u00f3 d&#8217;edificis moderns, infraestructures, espais p\u00fablics i paisatges.<\/p>\n<p>El punt de partida de la Declaraci\u00f3 de Davos va ser la Confer\u00e8ncia de ministres de Cultura celebrada en aquesta ciutat su\u00efssa del 20 al 22 de gener de 2018, en vespres de la reuni\u00f3 anual del F\u00f2rum Econ\u00f2mic Mundial. Est\u00e0 subscrita per la Comissi\u00f3 Europea, el Consell d&#8217;Europa, la majoria dels Governs de la Uni\u00f3 Europea i altres entitats no governamentals de l&#8217;\u00e0mbit de la cultura, l&#8217;arquitectura i el patrimoni, com s\u00f3n UNESCO, Europa Nostra, el Centre Internacional d&#8217;Estudis per a la Conservaci\u00f3 i la Restauraci\u00f3 dels B\u00e9ns Culturals (ICCROM) i el Consell d&#8217;Arquitectes d&#8217;Europa (CAU).<\/p>\n<p>La Declaraci\u00f3 de Davos: per la qualitat de l&#8217;entorn constru\u00eft. Entitats de l&#8217;\u00e0mbit de la cultura, l&#8217;arquitectura i el patrimoni es donen cita a Madrid per a mostrar el seu suport i adhesi\u00f3 a la declaraci\u00f3.<br \/>\n\u2022 La Declaraci\u00f3 de Davos reclama la necessitat de fomentar, sota la denominaci\u00f3 de Baukultur \u2013 la cultura de l&#8217;habitar, la qualitat de l&#8217;espai constru\u00eft i promou les pol\u00edtiques p\u00fabliques que l&#8217;impulsin, desenvolupin i situ\u00efn en el centre de les transformacions urbanes.<br \/>\n\u2022 En l&#8217;acte de presentaci\u00f3, els representants del govern su\u00eds, impulsor de la Declaraci\u00f3, al costat del president del Consell d&#8217;Arquitectes d&#8217;Europa i altres representants d&#8217;entitats professionals, han exposat el contingut d&#8217;aquesta, encoratjant la seva apropiaci\u00f3 amb l&#8217;objectiu de definir una posici\u00f3 comuna europea en pro de la qualitat de l&#8217;entorn constru\u00eft.<br \/>\n\u2022 La Declaraci\u00f3 est\u00e0 subscrita per la Comissi\u00f3 Europea, el Consell d&#8217;Europa, la gran majoria dels Governs de la Uni\u00f3 Europea, aix\u00ed com per altres entitats no governamentals de l&#8217;\u00e0mbit de la cultura, l&#8217;arquitectura i el patrimoni, com s\u00f3n UNESCO, EUROPA NOSTRA, ICCROM i el Consell d&#8217;Arquitectes d&#8217;Europa.<\/p>\n","protected":false},"excerpt":{"rendered":"<p>Palma\/Eivissa, 29 de mar\u00e7 de 2019.- La demarcaci\u00f3 a Balears i Piti\u00fcses del Col\u00b7legi Oficial d&#8217;Enginyers de Camins, Canals i Ports, s&#8217;ha adherit avui capvespre a la Declaraci\u00f3 de Davos (Descarregable en l&#8217;enlla\u00e7 anterior) amb la finalitat de donar suport a pol\u00edtiques p\u00fabliques que situ\u00efn la qualitat i la defensa de l&#8217;espai constru\u00eft en l&#8217;epicentre [&hellip;]<\/p>\n","protected":false},"author":2,"featured_media":3108,"comment_status":"closed","ping_status":"open","sticky":false,"template":"","format":"standard","meta":{"footnotes":""},"categories":[29],"tags":[],"class_list":["post-3600","post","type-post","status-publish","format-standard","has-post-thumbnail","hentry","category-el-collegi-informa"],"_links":{"self":[{"href":"https:\/\/caminsbalears.org\/ca\/wp-json\/wp\/v2\/posts\/3600","targetHints":{"allow":["GET"]}}],"collection":[{"href":"https:\/\/caminsbalears.org\/ca\/wp-json\/wp\/v2\/posts"}],"about":[{"href":"https:\/\/caminsbalears.org\/ca\/wp-json\/wp\/v2\/types\/post"}],"author":[{"embeddable":true,"href":"https:\/\/caminsbalears.org\/ca\/wp-json\/wp\/v2\/users\/2"}],"replies":[{"embeddable":true,"href":"https:\/\/caminsbalears.org\/ca\/wp-json\/wp\/v2\/comments?post=3600"}],"version-history":[{"count":1,"href":"https:\/\/caminsbalears.org\/ca\/wp-json\/wp\/v2\/posts\/3600\/revisions"}],"predecessor-version":[{"id":3601,"href":"https:\/\/caminsbalears.org\/ca\/wp-json\/wp\/v2\/posts\/3600\/revisions\/3601"}],"wp:featuredmedia":[{"embeddable":true,"href":"https:\/\/caminsbalears.org\/ca\/wp-json\/wp\/v2\/media\/3108"}],"wp:attachment":[{"href":"https:\/\/caminsbalears.org\/ca\/wp-json\/wp\/v2\/media?parent=3600"}],"wp:term":[{"taxonomy":"category","embeddable":true,"href":"https:\/\/caminsbalears.org\/ca\/wp-json\/wp\/v2\/categories?post=3600"},{"taxonomy":"post_tag","embeddable":true,"href":"https:\/\/caminsbalears.org\/ca\/wp-json\/wp\/v2\/tags?post=3600"}],"curies":[{"name":"wp","href":"https:\/\/api.w.org\/{rel}","templated":true}]}}