{"id":3581,"date":"2019-05-28T11:57:59","date_gmt":"2019-05-28T11:57:59","guid":{"rendered":"http:\/\/caminsbalears.org\/inauguracion-exposicion-pere-garau\/"},"modified":"2023-03-09T10:38:05","modified_gmt":"2023-03-09T10:38:05","slug":"inauguracion-exposicion-pere-garau","status":"publish","type":"post","link":"https:\/\/caminsbalears.org\/ca\/inauguracion-exposicion-pere-garau\/","title":{"rendered":"Sus a la commemoraci\u00f3 del centenari de l\u2019ECCP Pedro Garau Ca\u00f1ellas"},"content":{"rendered":"<p>Palma.- El passat 17 de maig es varen iniciar els actes de celebraci\u00f3 del centenari de la mort de l&#8217;enginyer de Camins, Canals, i Ports el Sr. Pedro Garau Ca\u00f1ellas (1860-1919), amb inauguraci\u00f3 una exposici\u00f3 itinerant que en 10 panells presenta les seves obres m\u00e9s representatives.<\/p>\n<p>Aquesta exposici\u00f3 es pot visitar en l&#8217;estaci\u00f3 de Palma del Ferrocarril de S\u00f3ller.<\/p>\n<p>Es va triar aquesta ubicaci\u00f3 ja que el Ferrocarril de S\u00f3ller va ser l&#8217;obra m\u00e9s important de l&#8217;enginyer Pere Garau.<\/p>\n<p>L&#8217;exposici\u00f3 recorrer\u00e0 durant aquest any l&#8217;estaci\u00f3 de Soller del FFCC de S\u00f3ller, la ciutat i el Port de Palma i el port de Sant Antoni de Portmany a Eivissa.<\/p>\n<p>&nbsp;<\/p>\n","protected":false},"excerpt":{"rendered":"<p>Palma.- El passat 17 de maig es varen iniciar els actes de celebraci\u00f3 del centenari de la mort de l&#8217;enginyer de Camins, Canals, i Ports el Sr. Pedro Garau Ca\u00f1ellas (1860-1919), amb inauguraci\u00f3 una exposici\u00f3 itinerant que en 10 panells presenta les seves obres m\u00e9s representatives. Aquesta exposici\u00f3 es pot visitar en l&#8217;estaci\u00f3 de Palma [&hellip;]<\/p>\n","protected":false},"author":2,"featured_media":3125,"comment_status":"closed","ping_status":"open","sticky":false,"template":"","format":"standard","meta":{"footnotes":""},"categories":[29],"tags":[],"class_list":["post-3581","post","type-post","status-publish","format-standard","has-post-thumbnail","hentry","category-el-collegi-informa"],"_links":{"self":[{"href":"https:\/\/caminsbalears.org\/ca\/wp-json\/wp\/v2\/posts\/3581","targetHints":{"allow":["GET"]}}],"collection":[{"href":"https:\/\/caminsbalears.org\/ca\/wp-json\/wp\/v2\/posts"}],"about":[{"href":"https:\/\/caminsbalears.org\/ca\/wp-json\/wp\/v2\/types\/post"}],"author":[{"embeddable":true,"href":"https:\/\/caminsbalears.org\/ca\/wp-json\/wp\/v2\/users\/2"}],"replies":[{"embeddable":true,"href":"https:\/\/caminsbalears.org\/ca\/wp-json\/wp\/v2\/comments?post=3581"}],"version-history":[{"count":1,"href":"https:\/\/caminsbalears.org\/ca\/wp-json\/wp\/v2\/posts\/3581\/revisions"}],"predecessor-version":[{"id":3582,"href":"https:\/\/caminsbalears.org\/ca\/wp-json\/wp\/v2\/posts\/3581\/revisions\/3582"}],"wp:featuredmedia":[{"embeddable":true,"href":"https:\/\/caminsbalears.org\/ca\/wp-json\/wp\/v2\/media\/3125"}],"wp:attachment":[{"href":"https:\/\/caminsbalears.org\/ca\/wp-json\/wp\/v2\/media?parent=3581"}],"wp:term":[{"taxonomy":"category","embeddable":true,"href":"https:\/\/caminsbalears.org\/ca\/wp-json\/wp\/v2\/categories?post=3581"},{"taxonomy":"post_tag","embeddable":true,"href":"https:\/\/caminsbalears.org\/ca\/wp-json\/wp\/v2\/tags?post=3581"}],"curies":[{"name":"wp","href":"https:\/\/api.w.org\/{rel}","templated":true}]}}