{"id":3578,"date":"2019-06-27T19:37:29","date_gmt":"2019-06-27T19:37:29","guid":{"rendered":"http:\/\/caminsbalears.org\/oferta-empleo\/"},"modified":"2023-03-09T10:36:16","modified_gmt":"2023-03-09T10:36:16","slug":"oferta-empleo","status":"publish","type":"post","link":"https:\/\/caminsbalears.org\/ca\/oferta-empleo\/","title":{"rendered":"Oferta de feina per a ECCP amb almenys 10 anys d\u2019experi\u00e8ncia"},"content":{"rendered":"<p>Palma.- Es cerca a Barcelona un titulat universitari en Enginyeria de Camins, Canals i Ports amb almenys 10 anys d&#8217;experi\u00e8ncia en projectes d&#8217;enginyeria portu\u00e0ria, mar\u00edtima i costanera per a incorporar-se a l&#8217;equip d&#8217;infraestructures portu\u00e0ries i participar en projectes multidisciplinaris d&#8217;\u00e0mbit internacional. Els requisits s\u00f3n:<\/p>\n<p>\u2022 Titulat en Enginyeria de Camins, Canals i Ports (M\u00e0ster)<\/p>\n<p>\u2022 Experi\u00e8ncia m\u00ednima de 10 anys en projectes d&#8217;enginyeria portu\u00e0ria, mar\u00edtima i costanera<\/p>\n<p>\u2022 Domini de l&#8217;Angl\u00e8s (Advanced o equivalent), valorable segon idioma (franc\u00e8s)<\/p>\n<p>\u2022 Valorable experi\u00e8ncia de treball a nivell internacional<\/p>\n<p>\u2022 Capacitat anal\u00edtica i excel\u00b7lent comunicaci\u00f3 escrita i parlada.<\/p>\n<p>\u2022 Proactiu, amb alt nivell de comprom\u00eds, capacitat d&#8217;adaptaci\u00f3 i autonomia<\/p>\n<p>\u2022 Capacitat de treball en equip i resoluci\u00f3 de problemes<\/p>\n<p>\u2022 Enfocament a client i capacitat per a mantenir relacions comercials<\/p>\n<p>\u2022 Disponibilitat de mobilitat geogr\u00e0fica<\/p>\n<p>\u2022 Incorporaci\u00f3 immediata<\/p>\n<p>Contactar a trav\u00e9s de:<a href=\"mailto:info@barcelona.idom.es\"><b>info@barcelona.idom.es<\/b><\/a><\/p>\n<p>&nbsp;<\/p>\n","protected":false},"excerpt":{"rendered":"<p>Palma.- Es cerca a Barcelona un titulat universitari en Enginyeria de Camins, Canals i Ports amb almenys 10 anys d&#8217;experi\u00e8ncia en projectes d&#8217;enginyeria portu\u00e0ria, mar\u00edtima i costanera per a incorporar-se a l&#8217;equip d&#8217;infraestructures portu\u00e0ries i participar en projectes multidisciplinaris d&#8217;\u00e0mbit internacional. Els requisits s\u00f3n: \u2022 Titulat en Enginyeria de Camins, Canals i Ports (M\u00e0ster) \u2022 [&hellip;]<\/p>\n","protected":false},"author":2,"featured_media":3126,"comment_status":"closed","ping_status":"open","sticky":false,"template":"","format":"standard","meta":{"footnotes":""},"categories":[29],"tags":[],"class_list":["post-3578","post","type-post","status-publish","format-standard","has-post-thumbnail","hentry","category-el-collegi-informa"],"_links":{"self":[{"href":"https:\/\/caminsbalears.org\/ca\/wp-json\/wp\/v2\/posts\/3578","targetHints":{"allow":["GET"]}}],"collection":[{"href":"https:\/\/caminsbalears.org\/ca\/wp-json\/wp\/v2\/posts"}],"about":[{"href":"https:\/\/caminsbalears.org\/ca\/wp-json\/wp\/v2\/types\/post"}],"author":[{"embeddable":true,"href":"https:\/\/caminsbalears.org\/ca\/wp-json\/wp\/v2\/users\/2"}],"replies":[{"embeddable":true,"href":"https:\/\/caminsbalears.org\/ca\/wp-json\/wp\/v2\/comments?post=3578"}],"version-history":[{"count":1,"href":"https:\/\/caminsbalears.org\/ca\/wp-json\/wp\/v2\/posts\/3578\/revisions"}],"predecessor-version":[{"id":3579,"href":"https:\/\/caminsbalears.org\/ca\/wp-json\/wp\/v2\/posts\/3578\/revisions\/3579"}],"wp:featuredmedia":[{"embeddable":true,"href":"https:\/\/caminsbalears.org\/ca\/wp-json\/wp\/v2\/media\/3126"}],"wp:attachment":[{"href":"https:\/\/caminsbalears.org\/ca\/wp-json\/wp\/v2\/media?parent=3578"}],"wp:term":[{"taxonomy":"category","embeddable":true,"href":"https:\/\/caminsbalears.org\/ca\/wp-json\/wp\/v2\/categories?post=3578"},{"taxonomy":"post_tag","embeddable":true,"href":"https:\/\/caminsbalears.org\/ca\/wp-json\/wp\/v2\/tags?post=3578"}],"curies":[{"name":"wp","href":"https:\/\/api.w.org\/{rel}","templated":true}]}}