{"id":3575,"date":"2019-07-09T11:58:36","date_gmt":"2019-07-09T11:58:36","guid":{"rendered":"http:\/\/caminsbalears.org\/1716-2\/"},"modified":"2023-03-09T10:34:59","modified_gmt":"2023-03-09T10:34:59","slug":"1716-2","status":"publish","type":"post","link":"https:\/\/caminsbalears.org\/ca\/1716-2\/","title":{"rendered":"\u201cEl buceo profesional en la ingenier\u00eda\u201d, jornada de formaci\u00f3 del pr\u00f2xim 12 de setembre"},"content":{"rendered":"<p>Palma.- &#8220;El busseig professional en l&#8217;Enginyeria&#8221; ser\u00e0 la pr\u00f2xima jornada de formaci\u00f3 dirigida al col\u00b7lectiu, que tindr\u00e0 lloc el 12 de setembre. \u201c<\/p>\n<p>La major part dels projectes de construcci\u00f3 en els quals participen bussos professionals estan redactats per Enginyers de Camins , Canals i Ports, per\u00f2 nom\u00e9s alguns coneixen en profunditat els riscos inherents a les labors subaq\u00fc\u00e0tiques que realitzen els bussos professionals.<\/p>\n<p>L&#8217;objectiu de l&#8217;acci\u00f3 formativa \u00e9s transmetre quals s\u00f3n les limitacions i especificitats que t\u00e9 el mitj\u00e0 hiperb\u00e0ric on el bus desenvolupa el seu treball i que tant condiciona l&#8217;operativa.<\/p>\n<p>Per a aix\u00f2 es parlar\u00e0 de la fisiologia del busseig, de les activitats que poden desenvolupar els bussos, dels riscos inherents al busseig, dels sistemes de busseig que existeixen, de les normes de seguretat que regeixen, del Conveni col\u00b7lectiu de busseig professional i mitjans hiperb\u00e0rics i dels costos laborals del busseig.<\/p>\n<p>La jornada s&#8217;impartir\u00e0 el pr\u00f2xim 12 de setembre dijous de 17.30 a 19:30h. Els ponents s\u00f3n Carlos Acosta, Enginyer de Camins, Canals i Ports. Bussejador professional de l&#8217;empresa Acostasub. Vocal de la junta directiva d&#8217;ANEBP, i Sara Fuxa, d&#8217;Empresa Naviliera Daedalus. Vocal de la junta directiva de ANEBP.<\/p>\n<p>Organitza el Col\u00b7legi d&#8217;Enginyers de Camins Canals i Ports a Balears al C\/ Sant Francesc n\u00ba10 1r, 07001 Palma. La jornada \u00e9s gratu\u00efta, confirmar assist\u00e8ncia manant un correu a baleares@ciccp.es. El termini d&#8217;inscripci\u00f3 \u00e9s fins a l&#8217;11 de setembre de 2019. En total, es limita a 25 places.<\/p>\n<table width=\"593\">\n<tbody>\n<tr>\n<td width=\"593\">&nbsp;<\/p>\n<p><strong>PROGRAMA JORNADA BUCEO PROFESIONAL EN LA INGENIERIA <\/strong><\/p>\n<p><strong>\u00a0<\/strong><\/td>\n<td width=\"593\"><\/td>\n<\/tr>\n<tr>\n<td width=\"395\"><strong>Tema<\/strong><\/td>\n<td width=\"198\"><strong>Horario<\/strong><\/td>\n<\/tr>\n<tr>\n<td width=\"395\">Inauguraci\u00f3n jornada<\/td>\n<td width=\"198\">17:30- 17:45 h<\/td>\n<\/tr>\n<tr>\n<td width=\"395\">El medio hiperb\u00e1rico y fisiolog\u00eda del buceo.<\/p>\n<p>&nbsp;<\/td>\n<td width=\"198\">17: 45- 18:30 h<\/td>\n<\/tr>\n<tr>\n<td width=\"395\">Marco normativo y la seguridad en las actividades subacu\u00e1ticas.<\/p>\n<p>&nbsp;<\/td>\n<td width=\"198\">18:30-19:00 h<\/td>\n<\/tr>\n<tr>\n<td width=\"395\">Procedimientos constructivos y aspectos econ\u00f3micos<\/td>\n<td width=\"198\">19:00:19:30 h<\/td>\n<\/tr>\n<\/tbody>\n<\/table>\n<p>&nbsp;<\/p>\n<p>&nbsp;<\/p>\n","protected":false},"excerpt":{"rendered":"<p>Palma.- &#8220;El busseig professional en l&#8217;Enginyeria&#8221; ser\u00e0 la pr\u00f2xima jornada de formaci\u00f3 dirigida al col\u00b7lectiu, que tindr\u00e0 lloc el 12 de setembre. \u201c La major part dels projectes de construcci\u00f3 en els quals participen bussos professionals estan redactats per Enginyers de Camins , Canals i Ports, per\u00f2 nom\u00e9s alguns coneixen en profunditat els riscos inherents [&hellip;]<\/p>\n","protected":false},"author":2,"featured_media":3127,"comment_status":"closed","ping_status":"open","sticky":false,"template":"","format":"standard","meta":{"footnotes":""},"categories":[29],"tags":[],"class_list":["post-3575","post","type-post","status-publish","format-standard","has-post-thumbnail","hentry","category-el-collegi-informa"],"_links":{"self":[{"href":"https:\/\/caminsbalears.org\/ca\/wp-json\/wp\/v2\/posts\/3575","targetHints":{"allow":["GET"]}}],"collection":[{"href":"https:\/\/caminsbalears.org\/ca\/wp-json\/wp\/v2\/posts"}],"about":[{"href":"https:\/\/caminsbalears.org\/ca\/wp-json\/wp\/v2\/types\/post"}],"author":[{"embeddable":true,"href":"https:\/\/caminsbalears.org\/ca\/wp-json\/wp\/v2\/users\/2"}],"replies":[{"embeddable":true,"href":"https:\/\/caminsbalears.org\/ca\/wp-json\/wp\/v2\/comments?post=3575"}],"version-history":[{"count":1,"href":"https:\/\/caminsbalears.org\/ca\/wp-json\/wp\/v2\/posts\/3575\/revisions"}],"predecessor-version":[{"id":3576,"href":"https:\/\/caminsbalears.org\/ca\/wp-json\/wp\/v2\/posts\/3575\/revisions\/3576"}],"wp:featuredmedia":[{"embeddable":true,"href":"https:\/\/caminsbalears.org\/ca\/wp-json\/wp\/v2\/media\/3127"}],"wp:attachment":[{"href":"https:\/\/caminsbalears.org\/ca\/wp-json\/wp\/v2\/media?parent=3575"}],"wp:term":[{"taxonomy":"category","embeddable":true,"href":"https:\/\/caminsbalears.org\/ca\/wp-json\/wp\/v2\/categories?post=3575"},{"taxonomy":"post_tag","embeddable":true,"href":"https:\/\/caminsbalears.org\/ca\/wp-json\/wp\/v2\/tags?post=3575"}],"curies":[{"name":"wp","href":"https:\/\/api.w.org\/{rel}","templated":true}]}}