{"id":3572,"date":"2019-08-08T15:07:36","date_gmt":"2019-08-08T15:07:36","guid":{"rendered":"http:\/\/caminsbalears.org\/el-colegio-de-iccp-en-balears-recibido-por-los-reyes-en-almudaina\/"},"modified":"2023-03-09T10:33:41","modified_gmt":"2023-03-09T10:33:41","slug":"el-colegio-de-iccp-en-balears-recibido-por-los-reyes-en-almudaina","status":"publish","type":"post","link":"https:\/\/caminsbalears.org\/ca\/el-colegio-de-iccp-en-balears-recibido-por-los-reyes-en-almudaina\/","title":{"rendered":"El Col\u00b7legi d\u2019ICCP a Balears, rebut pels Reis a Almudaina"},"content":{"rendered":"<p>Palma, 7 d&#8217;agost de 2019.- El deg\u00e0 i el secretari del Col\u00b7legi d&#8217;Enginyers de Camins, Canales i Ports a Illes Balears, Sr. Juan Antonio Esteban i Sr. Jos\u00e9 Alejandro Asensi, han estat rebuts aquest dimecres per Ses Majestats els Reis d&#8217;Espanya, Don Felip VI i Donya Letizia, i per la Reina Em\u00e8rita, Donya Sofia, amb ocasi\u00f3 de la tradicional recepci\u00f3 als m\u00e0xims representants de la societat balear que el Monarca i la seva fam\u00edlia ofereixen cada estiu. El deg\u00e0 va ser acompanyat per la seva esposa, la Sra. Liliana Mijancos, aix\u00ed com el secretari per la seva respectiva, la Sra. Ar\u00e1nzazu Ormaechea.<\/p>\n<p>Durant la recepci\u00f3, els representants del Col\u00b7legi d&#8217;Enginyers de Camins, Canals i Ports varen poder saludar i conversar sobre q\u00fcestions d&#8217;infraestructures i obres amb les diferents autoritats civils i militars presents.<\/p>\n<p>Fotos: Alberto Vera<\/p>\n<div id='gallery-1' class='gallery galleryid-3572 gallery-columns-3 gallery-size-thumbnail'><figure class='gallery-item'>\n\t\t\t<div class='gallery-icon landscape'>\n\t\t\t\t<a href='https:\/\/caminsbalears.org\/ca\/colegio-ingenieros16-2\/'><img decoding=\"async\" width=\"150\" height=\"150\" src=\"https:\/\/caminsbalears.org\/wp-content\/uploads\/2019\/08\/Colegio-Ingenieros16-150x150.jpg\" class=\"attachment-thumbnail size-thumbnail\" alt=\"\" \/><\/a>\n\t\t\t<\/div><\/figure><figure class='gallery-item'>\n\t\t\t<div class='gallery-icon landscape'>\n\t\t\t\t<a href='https:\/\/caminsbalears.org\/ca\/colegio-ingenieros15-2\/'><img decoding=\"async\" width=\"150\" height=\"150\" src=\"https:\/\/caminsbalears.org\/wp-content\/uploads\/2019\/08\/Colegio-Ingenieros15-150x150.jpg\" class=\"attachment-thumbnail size-thumbnail\" alt=\"\" \/><\/a>\n\t\t\t<\/div><\/figure><figure class='gallery-item'>\n\t\t\t<div class='gallery-icon landscape'>\n\t\t\t\t<a href='https:\/\/caminsbalears.org\/ca\/colegio-ingenieros14-2\/'><img decoding=\"async\" width=\"150\" height=\"150\" src=\"https:\/\/caminsbalears.org\/wp-content\/uploads\/2019\/08\/Colegio-Ingenieros14-150x150.jpg\" class=\"attachment-thumbnail size-thumbnail\" alt=\"\" \/><\/a>\n\t\t\t<\/div><\/figure><figure class='gallery-item'>\n\t\t\t<div class='gallery-icon landscape'>\n\t\t\t\t<a href='https:\/\/caminsbalears.org\/ca\/colegio-ingenieros9-4\/'><img loading=\"lazy\" decoding=\"async\" width=\"150\" height=\"150\" src=\"https:\/\/caminsbalears.org\/wp-content\/uploads\/2019\/08\/Colegio-Ingenieros9-150x150.jpg\" class=\"attachment-thumbnail size-thumbnail\" alt=\"\" \/><\/a>\n\t\t\t<\/div><\/figure><figure class='gallery-item'>\n\t\t\t<div class='gallery-icon landscape'>\n\t\t\t\t<a href='https:\/\/caminsbalears.org\/ca\/colegio-ingenieros10-2\/'><img loading=\"lazy\" decoding=\"async\" width=\"150\" height=\"150\" src=\"https:\/\/caminsbalears.org\/wp-content\/uploads\/2019\/08\/Colegio-Ingenieros10-150x150.jpg\" class=\"attachment-thumbnail size-thumbnail\" alt=\"\" \/><\/a>\n\t\t\t<\/div><\/figure><figure class='gallery-item'>\n\t\t\t<div class='gallery-icon landscape'>\n\t\t\t\t<a href='https:\/\/caminsbalears.org\/ca\/colegio-ingenieros11-2\/'><img loading=\"lazy\" decoding=\"async\" width=\"150\" height=\"150\" src=\"https:\/\/caminsbalears.org\/wp-content\/uploads\/2019\/08\/Colegio-Ingenieros11-150x150.jpg\" class=\"attachment-thumbnail size-thumbnail\" alt=\"\" \/><\/a>\n\t\t\t<\/div><\/figure><figure class='gallery-item'>\n\t\t\t<div class='gallery-icon landscape'>\n\t\t\t\t<a href='https:\/\/caminsbalears.org\/ca\/colegio-ingenieros5-2\/'><img loading=\"lazy\" decoding=\"async\" width=\"150\" height=\"150\" src=\"https:\/\/caminsbalears.org\/wp-content\/uploads\/2019\/08\/Colegio-Ingenieros5-150x150.jpg\" class=\"attachment-thumbnail size-thumbnail\" alt=\"\" \/><\/a>\n\t\t\t<\/div><\/figure><figure class='gallery-item'>\n\t\t\t<div class='gallery-icon landscape'>\n\t\t\t\t<a href='https:\/\/caminsbalears.org\/ca\/colegio-ingenieros6-2\/'><img loading=\"lazy\" decoding=\"async\" width=\"150\" height=\"150\" src=\"https:\/\/caminsbalears.org\/wp-content\/uploads\/2019\/08\/Colegio-Ingenieros6-150x150.jpg\" class=\"attachment-thumbnail size-thumbnail\" alt=\"\" \/><\/a>\n\t\t\t<\/div><\/figure><figure class='gallery-item'>\n\t\t\t<div class='gallery-icon landscape'>\n\t\t\t\t<a href='https:\/\/caminsbalears.org\/ca\/colegio-ingenieros7-2\/'><img loading=\"lazy\" decoding=\"async\" width=\"150\" height=\"150\" src=\"https:\/\/caminsbalears.org\/wp-content\/uploads\/2019\/08\/Colegio-Ingenieros7-150x150.jpg\" class=\"attachment-thumbnail size-thumbnail\" alt=\"\" \/><\/a>\n\t\t\t<\/div><\/figure><figure class='gallery-item'>\n\t\t\t<div class='gallery-icon landscape'>\n\t\t\t\t<a href='https:\/\/caminsbalears.org\/ca\/colegio-ingenieros12-2\/'><img loading=\"lazy\" decoding=\"async\" width=\"150\" height=\"150\" src=\"https:\/\/caminsbalears.org\/wp-content\/uploads\/2019\/08\/Colegio-Ingenieros12-150x150.jpg\" class=\"attachment-thumbnail size-thumbnail\" alt=\"\" \/><\/a>\n\t\t\t<\/div><\/figure><figure class='gallery-item'>\n\t\t\t<div class='gallery-icon landscape'>\n\t\t\t\t<a href='https:\/\/caminsbalears.org\/ca\/colegio-ingenieros13-2\/'><img loading=\"lazy\" decoding=\"async\" width=\"150\" height=\"150\" src=\"https:\/\/caminsbalears.org\/wp-content\/uploads\/2019\/08\/Colegio-Ingenieros13-150x150.jpg\" class=\"attachment-thumbnail size-thumbnail\" alt=\"\" \/><\/a>\n\t\t\t<\/div><\/figure><figure class='gallery-item'>\n\t\t\t<div class='gallery-icon landscape'>\n\t\t\t\t<a href='https:\/\/caminsbalears.org\/ca\/colegio-ingenieros8-2\/'><img loading=\"lazy\" decoding=\"async\" width=\"150\" height=\"150\" src=\"https:\/\/caminsbalears.org\/wp-content\/uploads\/2019\/08\/Colegio-Ingenieros8-150x150.jpg\" class=\"attachment-thumbnail size-thumbnail\" alt=\"\" \/><\/a>\n\t\t\t<\/div><\/figure>\n\t\t<\/div>\n\n<p>&nbsp;<\/p>\n","protected":false},"excerpt":{"rendered":"<p>Palma, 7 d&#8217;agost de 2019.- El deg\u00e0 i el secretari del Col\u00b7legi d&#8217;Enginyers de Camins, Canales i Ports a Illes Balears, Sr. Juan Antonio Esteban i Sr. Jos\u00e9 Alejandro Asensi, han estat rebuts aquest dimecres per Ses Majestats els Reis d&#8217;Espanya, Don Felip VI i Donya Letizia, i per la Reina Em\u00e8rita, Donya Sofia, amb [&hellip;]<\/p>\n","protected":false},"author":2,"featured_media":3145,"comment_status":"closed","ping_status":"open","sticky":false,"template":"","format":"standard","meta":{"footnotes":""},"categories":[29],"tags":[],"class_list":["post-3572","post","type-post","status-publish","format-standard","has-post-thumbnail","hentry","category-el-collegi-informa"],"_links":{"self":[{"href":"https:\/\/caminsbalears.org\/ca\/wp-json\/wp\/v2\/posts\/3572","targetHints":{"allow":["GET"]}}],"collection":[{"href":"https:\/\/caminsbalears.org\/ca\/wp-json\/wp\/v2\/posts"}],"about":[{"href":"https:\/\/caminsbalears.org\/ca\/wp-json\/wp\/v2\/types\/post"}],"author":[{"embeddable":true,"href":"https:\/\/caminsbalears.org\/ca\/wp-json\/wp\/v2\/users\/2"}],"replies":[{"embeddable":true,"href":"https:\/\/caminsbalears.org\/ca\/wp-json\/wp\/v2\/comments?post=3572"}],"version-history":[{"count":1,"href":"https:\/\/caminsbalears.org\/ca\/wp-json\/wp\/v2\/posts\/3572\/revisions"}],"predecessor-version":[{"id":3573,"href":"https:\/\/caminsbalears.org\/ca\/wp-json\/wp\/v2\/posts\/3572\/revisions\/3573"}],"wp:featuredmedia":[{"embeddable":true,"href":"https:\/\/caminsbalears.org\/ca\/wp-json\/wp\/v2\/media\/3145"}],"wp:attachment":[{"href":"https:\/\/caminsbalears.org\/ca\/wp-json\/wp\/v2\/media?parent=3572"}],"wp:term":[{"taxonomy":"category","embeddable":true,"href":"https:\/\/caminsbalears.org\/ca\/wp-json\/wp\/v2\/categories?post=3572"},{"taxonomy":"post_tag","embeddable":true,"href":"https:\/\/caminsbalears.org\/ca\/wp-json\/wp\/v2\/tags?post=3572"}],"curies":[{"name":"wp","href":"https:\/\/api.w.org\/{rel}","templated":true}]}}