{"id":3569,"date":"2019-09-24T09:20:09","date_gmt":"2019-09-24T09:20:09","guid":{"rendered":"http:\/\/caminsbalears.org\/la-jornada-de-empresarios-de-centre-universitari-ariany-se-abre-a-los-iccp\/"},"modified":"2023-03-09T10:32:30","modified_gmt":"2023-03-09T10:32:30","slug":"la-jornada-de-empresarios-de-centre-universitari-ariany-se-abre-a-los-iccp","status":"publish","type":"post","link":"https:\/\/caminsbalears.org\/ca\/la-jornada-de-empresarios-de-centre-universitari-ariany-se-abre-a-los-iccp\/","title":{"rendered":"La Jornada d\u2019Empresaris d\u2019Ariany s\u2019obr als ECCP"},"content":{"rendered":"<p>Palma, 23 de setembre.- Els Enginyers de Camins, Canals i Ports de Balears que administren o s\u00f3n socis d&#8217;empreses o aut\u00f2noms tenen l&#8217;ocasi\u00f3 el pr\u00f2xim 23 d&#8217;octubre de completar el seu curr\u00edculum amb una nova oferta formativa de qualitat. Concretament, es tracta de la Jornada d&#8217;Empresaris organitzada pel Centre Universitari d&#8217;Ariany, que se celebrar\u00e0 el dissabte 26 d&#8217;octubre, de 9.15 a 14.30, en les instal\u00b7lacions del col\u00b7legi Instituci\u00f3 Mallorca (Parc Bit).<\/p>\n<p>Durant tot el mat\u00ed, la instituci\u00f3 dedicada a l&#8217;educaci\u00f3 i formaci\u00f3, tractar\u00e0 d&#8217;analitzar la situaci\u00f3 de l&#8217;economia i els seus desafiaments; els aspectes del govern de l&#8217;empresa i de la presa de decisions orientats a l&#8217;efic\u00e0cia i a la responsabilitat social, aix\u00ed com la necessitat del propi govern d&#8217;empresaris i executius, orientat a la millora personal i al servei a la societat<\/p>\n<p>Els ponents en aquesta ocasi\u00f3 seran la Senyora Marta Elvira, professora Ordin\u00e0ria en l&#8217;IESE Business School dels departaments de Direcci\u00f3 de Persones en les Organitzacions i Direcci\u00f3 Estrat\u00e8gica i titular de la C\u00e0tedra Puig de Global Leadership Development: \u201cEl directiu: Estrateg, Organitzador i L\u00edder institucional\u201d; Senyor Ignacio Gil Pechu\u00e1n, Catedr\u00e0tic d&#8217;Administraci\u00f3 d&#8217;Empreses i Sistemes i Tecnologies de la Informaci\u00f3 (Universitat Polit\u00e8cnica de Val\u00e8ncia):\u201dNous models de negoci basats en TIC\u201d; Senyor Joan de Dou, psiquiatre i Professor Extraordinari del Departament de Direcci\u00f3 de Persones en les Organitzacions del IESE.Business School: \u201cQuines bases psicol\u00f2giques sustenten a un bon directiu i com desenvolupar-les?\u201d, i el Senyor Javier D\u00edaz-Gim\u00e9nez, professor Ordinari d&#8217;Economia en el IESE Business School: \u201cPerspectives i reptes econ\u00f2mics\u201d.<\/p>\n<p>La inscripci\u00f3 \u00e9s de 60\u20ac i de 200\u20ac per a benefactors, que desitgin col\u00b7laborar en l&#8217;organitzaci\u00f3 d&#8217;activitats per a joves. Per a m\u00e9s informaci\u00f3 tel\u00e8fon 971 45 43 97. La forma d&#8217;inscripci\u00f3 \u00e9s remetent un xec a nom del C. O. Ariany o realitzar una transfer\u00e8ncia banc\u00e0ria al cte. cte.: n\u00fam. ES55 2100 0472 0402 0020 8235 La Caixa C.O. Ariany, Ag\u00e8ncia Urbana 0472. Av. Argentina, 83. 07011 Palma amb comprovant a jemcariany@gmail.com Tamb\u00e9 hi ha m\u00e9s informaci\u00f3 en https:\/\/www.jornadaempresariosmallorca.com\/<\/p>\n<p>El Centre Universitari Ariany obra corporativa de l&#8217;Opus Dei t\u00e9 com a objectiu ajudar els joves mallorquins a aconseguir una s\u00f2lida formaci\u00f3 humana, cultural i professional. Per a aix\u00f2 ofereix un conjunt d&#8217;activitats i serveis que van des de l&#8217;orientaci\u00f3 i l&#8217;assessorament en els estudis \u2013per a millorar el propi treball intel\u00b7lectual-, a la pr\u00e0ctica de l&#8217;esport i la formaci\u00f3 cultural, passant per una variada gamma de possibilitats en el temps lliure. Aix\u00ed, es pret\u00e9n contribuir a la tasca comuna de fer m\u00e9s humana la nostra societat, amb el ferm convenciment que nom\u00e9s el di\u00e0leg i la reflexi\u00f3 compartits sobre les grans q\u00fcestions i temes de fons, pot generar idees operatives i un millor clima social, que ajudin a resoldre les dificultats que cada moment hist\u00f2ric presenta.<\/p>\n","protected":false},"excerpt":{"rendered":"<p>Palma, 23 de setembre.- Els Enginyers de Camins, Canals i Ports de Balears que administren o s\u00f3n socis d&#8217;empreses o aut\u00f2noms tenen l&#8217;ocasi\u00f3 el pr\u00f2xim 23 d&#8217;octubre de completar el seu curr\u00edculum amb una nova oferta formativa de qualitat. Concretament, es tracta de la Jornada d&#8217;Empresaris organitzada pel Centre Universitari d&#8217;Ariany, que se celebrar\u00e0 el [&hellip;]<\/p>\n","protected":false},"author":2,"featured_media":3146,"comment_status":"closed","ping_status":"open","sticky":false,"template":"","format":"standard","meta":{"footnotes":""},"categories":[29],"tags":[],"class_list":["post-3569","post","type-post","status-publish","format-standard","has-post-thumbnail","hentry","category-el-collegi-informa"],"_links":{"self":[{"href":"https:\/\/caminsbalears.org\/ca\/wp-json\/wp\/v2\/posts\/3569","targetHints":{"allow":["GET"]}}],"collection":[{"href":"https:\/\/caminsbalears.org\/ca\/wp-json\/wp\/v2\/posts"}],"about":[{"href":"https:\/\/caminsbalears.org\/ca\/wp-json\/wp\/v2\/types\/post"}],"author":[{"embeddable":true,"href":"https:\/\/caminsbalears.org\/ca\/wp-json\/wp\/v2\/users\/2"}],"replies":[{"embeddable":true,"href":"https:\/\/caminsbalears.org\/ca\/wp-json\/wp\/v2\/comments?post=3569"}],"version-history":[{"count":1,"href":"https:\/\/caminsbalears.org\/ca\/wp-json\/wp\/v2\/posts\/3569\/revisions"}],"predecessor-version":[{"id":3570,"href":"https:\/\/caminsbalears.org\/ca\/wp-json\/wp\/v2\/posts\/3569\/revisions\/3570"}],"wp:featuredmedia":[{"embeddable":true,"href":"https:\/\/caminsbalears.org\/ca\/wp-json\/wp\/v2\/media\/3146"}],"wp:attachment":[{"href":"https:\/\/caminsbalears.org\/ca\/wp-json\/wp\/v2\/media?parent=3569"}],"wp:term":[{"taxonomy":"category","embeddable":true,"href":"https:\/\/caminsbalears.org\/ca\/wp-json\/wp\/v2\/categories?post=3569"},{"taxonomy":"post_tag","embeddable":true,"href":"https:\/\/caminsbalears.org\/ca\/wp-json\/wp\/v2\/tags?post=3569"}],"curies":[{"name":"wp","href":"https:\/\/api.w.org\/{rel}","templated":true}]}}