{"id":3566,"date":"2019-09-24T14:08:51","date_gmt":"2019-09-24T14:08:51","guid":{"rendered":"http:\/\/caminsbalears.org\/el-colegio-de-iccp-se-pone-a-disposicion-de-ports-ib\/"},"modified":"2023-03-09T10:31:11","modified_gmt":"2023-03-09T10:31:11","slug":"el-colegio-de-iccp-se-pone-a-disposicion-de-ports-ib","status":"publish","type":"post","link":"https:\/\/caminsbalears.org\/ca\/el-colegio-de-iccp-se-pone-a-disposicion-de-ports-ib\/","title":{"rendered":"El Col\u00b7legi d\u2019ECCP es posa a disposici\u00f3 de Ports IB"},"content":{"rendered":"<p>Palma, 24 de setembre de 2019.- El deg\u00e0 i el secretari de la demarcaci\u00f3 del Col\u00b7legi d&#8217;Enginyers de Camins, Canals i Ports (ECCP), Juan Antonio Esteban (centre de la imatge superior) i Alejandro Asensi (esquerra de la imatge) respectivament, s&#8217;han reunit amb el tamb\u00e9 ECCP Pedro Puigdengoles (dreta de la imatge), director gerent de Ports IB, per a posar el Col\u00b7legi a diposici\u00f3n de Ports IB, empresa p\u00fablica gestora dels ports de la Comunitat Aut\u00f2noma d&#8217;Illes Balears, i col\u00b7laborar en la projecci\u00f3 de la professi\u00f3. En aquest sentit, Esteban ha recordat la rellev\u00e0ncia que va tenir Pere Garau en la navegaci\u00f3 mar\u00edtima (va executar el projecte d&#8217;alguns dels fars de ports de titularitat actual de la CAIB, com el de Coves Blanques) i l&#8217;elevada professionalitat dels ECCP que actualment desenvolupen la seva professi\u00f3 a Balears. De fet, a Ports IB treballen 6 ICCP, aproximadament el 2% dels col\u00b7legiats en Balears.<br \/>\n<img fetchpriority=\"high\" decoding=\"async\" class=\"alignnone wp-image-1768 size-full\" src=\"http:\/\/caminsbalears.org\/wp-content\/uploads\/2019\/09\/WhatsApp-Image-2019-09-24-at-10.52.03-1-e1569359039162.jpeg\" alt=\"\" width=\"1000\" height=\"750\" data-id=\"1768\" srcset=\"https:\/\/caminsbalears.org\/wp-content\/uploads\/2019\/09\/WhatsApp-Image-2019-09-24-at-10.52.03-1-e1569359039162.jpeg 1000w, https:\/\/caminsbalears.org\/wp-content\/uploads\/2019\/09\/WhatsApp-Image-2019-09-24-at-10.52.03-1-e1569359039162-300x225.jpeg 300w, https:\/\/caminsbalears.org\/wp-content\/uploads\/2019\/09\/WhatsApp-Image-2019-09-24-at-10.52.03-1-e1569359039162-768x576.jpeg 768w\" sizes=\"(max-width: 1000px) 100vw, 1000px\" \/><\/p>\n<p>Durant la reuni\u00f3 s&#8217;han revisat la intensa tasca de Ports IB durant la passada legislatura i les previsions per a l&#8217;actual. Entre les principals inversions abordades, s&#8217;ha tractat la prevista a Ciutadella, on en aquesta legislatura s&#8217;invertiran 12,8 milions d&#8217;euros en els dos ports del municipi per a seguir en la l\u00ednia de millora de les infraestructures portu\u00e0ries i els seus serveis iniciada en els \u00faltims quatre anys. Des del Govern es t\u00e9 la seguretat que a major inversi\u00f3 en els ports, major resposta per part de la ciutadania, tal com va assegurar el conseller d&#8217;Obres P\u00fabliques, Marc Pons, el passat 16 de setembre a Menorca basant-se en el creixement del nombre de passatgers en el port de Ciutadella despr\u00e9s de les \u00faltimes inversions.<\/p>\n<p>&nbsp;<\/p>\n","protected":false},"excerpt":{"rendered":"<p>Palma, 24 de setembre de 2019.- El deg\u00e0 i el secretari de la demarcaci\u00f3 del Col\u00b7legi d&#8217;Enginyers de Camins, Canals i Ports (ECCP), Juan Antonio Esteban (centre de la imatge superior) i Alejandro Asensi (esquerra de la imatge) respectivament, s&#8217;han reunit amb el tamb\u00e9 ECCP Pedro Puigdengoles (dreta de la imatge), director gerent de Ports [&hellip;]<\/p>\n","protected":false},"author":2,"featured_media":3153,"comment_status":"closed","ping_status":"open","sticky":false,"template":"","format":"standard","meta":{"footnotes":""},"categories":[29],"tags":[],"class_list":["post-3566","post","type-post","status-publish","format-standard","has-post-thumbnail","hentry","category-el-collegi-informa"],"_links":{"self":[{"href":"https:\/\/caminsbalears.org\/ca\/wp-json\/wp\/v2\/posts\/3566","targetHints":{"allow":["GET"]}}],"collection":[{"href":"https:\/\/caminsbalears.org\/ca\/wp-json\/wp\/v2\/posts"}],"about":[{"href":"https:\/\/caminsbalears.org\/ca\/wp-json\/wp\/v2\/types\/post"}],"author":[{"embeddable":true,"href":"https:\/\/caminsbalears.org\/ca\/wp-json\/wp\/v2\/users\/2"}],"replies":[{"embeddable":true,"href":"https:\/\/caminsbalears.org\/ca\/wp-json\/wp\/v2\/comments?post=3566"}],"version-history":[{"count":1,"href":"https:\/\/caminsbalears.org\/ca\/wp-json\/wp\/v2\/posts\/3566\/revisions"}],"predecessor-version":[{"id":3567,"href":"https:\/\/caminsbalears.org\/ca\/wp-json\/wp\/v2\/posts\/3566\/revisions\/3567"}],"wp:featuredmedia":[{"embeddable":true,"href":"https:\/\/caminsbalears.org\/ca\/wp-json\/wp\/v2\/media\/3153"}],"wp:attachment":[{"href":"https:\/\/caminsbalears.org\/ca\/wp-json\/wp\/v2\/media?parent=3566"}],"wp:term":[{"taxonomy":"category","embeddable":true,"href":"https:\/\/caminsbalears.org\/ca\/wp-json\/wp\/v2\/categories?post=3566"},{"taxonomy":"post_tag","embeddable":true,"href":"https:\/\/caminsbalears.org\/ca\/wp-json\/wp\/v2\/tags?post=3566"}],"curies":[{"name":"wp","href":"https:\/\/api.w.org\/{rel}","templated":true}]}}