{"id":3563,"date":"2019-10-03T18:37:07","date_gmt":"2019-10-03T18:37:07","guid":{"rendered":"http:\/\/caminsbalears.org\/modulo-1-conceptos-y-principios-basicos-de-la-gestion-de-los-modelos-de-informacion-de-la-construccion-bim\/"},"modified":"2023-03-07T17:34:39","modified_gmt":"2023-03-07T17:34:39","slug":"modulo-1-conceptos-y-principios-basicos-de-la-gestion-de-los-modelos-de-informacion-de-la-construccion-bim","status":"publish","type":"post","link":"https:\/\/caminsbalears.org\/ca\/modulo-1-conceptos-y-principios-basicos-de-la-gestion-de-los-modelos-de-informacion-de-la-construccion-bim\/","title":{"rendered":"Convocat el m\u00f2dul \u201cConceptos y principios b\u00e1sicos de la gesti\u00f3n de los modelos de informaci\u00f3n de la construcci\u00f3n (BIM)\u201d"},"content":{"rendered":"<p>Palma.- La Demarcaci\u00f3 a Balears ha convocat el m\u00f2dul 1 &#8220;Conceptos y principios b\u00e1sicos de la gesti\u00f3n de los modelos de informaci\u00f3n de la construcci\u00f3 (BIM)&#8221;. El gui\u00f3n \u00e9s:<\/p>\n<p>1.1. Generalidades (8 hores Dimarts 29 octubre de 9.00 a 19:00h )<\/p>\n<p>1.2. Relaciones contractuales \/ Requeriments BIM (8 hores Dimecres 30 d&#8217;Octubre de 8.00 a 18:00h)<\/p>\n<p>El preu de la matr\u00edcula \u00e9s de 360 euros per a col\u00b7legiats, i de 400 euros per a no col\u00b7legiats.<\/p>\n<p>Els interessats han d&#8217;enviar dades personals i justificant de pagament a baleares@ciccp.es per a reservar pla\u00e7a.<\/p>\n<p>La inscripci\u00f3 ser\u00e0 fins a dos dies abans de la celebraci\u00f3 de cada m\u00f2dul.<\/p>\n<p>COMPTE BANCARI: ES70 2038 9980 4060 0031 5342<\/p>\n<p>Per a la realitzaci\u00f3 del curs es requerir\u00e0 un m\u00ednim de 10 alumnes inscrits.<\/p>\n<p>Tendr\u00e0 lloc a Demarcaci\u00f3 Balears CICCP. C\/ Sant Francesc n\u00ba10 1r, 07001 Palma<\/p>\n<p>PROGRAMA :<a href=\"http:\/\/caminsbalears.org\/wp-content\/uploads\/2019\/10\/191002-PROGRAMA-CAPACITACI\u00d3N-BIM.pdf\">191002 PROGRAMA CAPACITACI\u00d3N BIM<\/a><\/p>\n<p>CALENDARI: <a href=\"http:\/\/caminsbalears.org\/wp-content\/uploads\/2019\/10\/191002-CALENDARIO-BIM-_BALEARES.pdf\">191002 CALENDARIO BIM _BALEARES<\/a><\/p>\n<p>CONTENGUT DE M\u00d2DULS: <a href=\"http:\/\/caminsbalears.org\/wp-content\/uploads\/2019\/10\/191002-CONTENIDO-DE-LOS-MODULOS-DE-CAPACITACI\u00d3N-BIM.pdf\">191002 CONTENIDO DE LOS MODULOS DE CAPACITACI\u00d3N BIM<\/a><\/p>\n","protected":false},"excerpt":{"rendered":"<p>Palma.- La Demarcaci\u00f3 a Balears ha convocat el m\u00f2dul 1 &#8220;Conceptos y principios b\u00e1sicos de la gesti\u00f3n de los modelos de informaci\u00f3n de la construcci\u00f3 (BIM)&#8221;. El gui\u00f3n \u00e9s: 1.1. Generalidades (8 hores Dimarts 29 octubre de 9.00 a 19:00h ) 1.2. Relaciones contractuales \/ Requeriments BIM (8 hores Dimecres 30 d&#8217;Octubre de 8.00 a [&hellip;]<\/p>\n","protected":false},"author":2,"featured_media":3154,"comment_status":"closed","ping_status":"open","sticky":false,"template":"","format":"standard","meta":{"footnotes":""},"categories":[29,30],"tags":[],"class_list":["post-3563","post","type-post","status-publish","format-standard","has-post-thumbnail","hentry","category-el-collegi-informa","category-eventos-ca"],"_links":{"self":[{"href":"https:\/\/caminsbalears.org\/ca\/wp-json\/wp\/v2\/posts\/3563","targetHints":{"allow":["GET"]}}],"collection":[{"href":"https:\/\/caminsbalears.org\/ca\/wp-json\/wp\/v2\/posts"}],"about":[{"href":"https:\/\/caminsbalears.org\/ca\/wp-json\/wp\/v2\/types\/post"}],"author":[{"embeddable":true,"href":"https:\/\/caminsbalears.org\/ca\/wp-json\/wp\/v2\/users\/2"}],"replies":[{"embeddable":true,"href":"https:\/\/caminsbalears.org\/ca\/wp-json\/wp\/v2\/comments?post=3563"}],"version-history":[{"count":1,"href":"https:\/\/caminsbalears.org\/ca\/wp-json\/wp\/v2\/posts\/3563\/revisions"}],"predecessor-version":[{"id":3564,"href":"https:\/\/caminsbalears.org\/ca\/wp-json\/wp\/v2\/posts\/3563\/revisions\/3564"}],"wp:featuredmedia":[{"embeddable":true,"href":"https:\/\/caminsbalears.org\/ca\/wp-json\/wp\/v2\/media\/3154"}],"wp:attachment":[{"href":"https:\/\/caminsbalears.org\/ca\/wp-json\/wp\/v2\/media?parent=3563"}],"wp:term":[{"taxonomy":"category","embeddable":true,"href":"https:\/\/caminsbalears.org\/ca\/wp-json\/wp\/v2\/categories?post=3563"},{"taxonomy":"post_tag","embeddable":true,"href":"https:\/\/caminsbalears.org\/ca\/wp-json\/wp\/v2\/tags?post=3563"}],"curies":[{"name":"wp","href":"https:\/\/api.w.org\/{rel}","templated":true}]}}