{"id":3559,"date":"2019-10-03T18:45:42","date_gmt":"2019-10-03T18:45:42","guid":{"rendered":"http:\/\/caminsbalears.org\/modulo-2-integracion-de-informacion-geografica-existente-y-estudios-de-alternativas\/"},"modified":"2023-03-07T17:33:26","modified_gmt":"2023-03-07T17:33:26","slug":"modulo-2-integracion-de-informacion-geografica-existente-y-estudios-de-alternativas","status":"publish","type":"post","link":"https:\/\/caminsbalears.org\/ca\/modulo-2-integracion-de-informacion-geografica-existente-y-estudios-de-alternativas\/","title":{"rendered":"Convocat el m\u00f2dul \u201cIntegraci\u00f3n de informaci\u00f3n geogr\u00e1fica existente y estudios de alternativas\u201d"},"content":{"rendered":"<p>Palma.- La Demarcaci\u00f3 en Balears ha convocat el m\u00f2dul 2 &#8220;Integraci\u00f3 d&#8217;informaci\u00f3 geogr\u00e0fica existent i estudis d&#8217;alternatives&#8221;.\u00a0 El gui\u00f3 \u00e9s:<\/p>\n<p>2.1.\u00a0\u00a0\u00a0 Fundamentos (2 hores: Dimarts 26 de Novembre de 8.00-10:00h)<\/p>\n<p>2.2.\u00a0\u00a0\u00a0 Del GIS al BIM (QGIS) (6 hores: Dimarts 26 de Novembre 11.00-18:00h)<\/p>\n<p>2.3.\u00a0\u00a0\u00a0 Topograf\u00eda avanzada y nubes de puntos (8 hores: Dimecres 27 de Novembre 8.00 a 18:00h)<\/p>\n<p>2.4.\u00a0\u00a0\u00a0 Estudios \/ valoraci\u00f3n de alternativas (infraworks) (8 hores: Dijous 28 de Novembre de 8.00 a 18:00h)<\/p>\n<p>El preu de la matr\u00edcula \u00e9s de 360 euros per a col\u00b7legiats, i de 400 euros per a no col\u00b7legiats.<\/p>\n<p>Els interessats han d&#8217;enviar dades personals i justificant de pagament a baleares@ciccp.es per a reservar pla\u00e7a.<\/p>\n<p>La inscripci\u00f3 ser\u00e0 fins a dos dies abans de la celebraci\u00f3 de cada m\u00f2dul.<\/p>\n<p>COMPTE BANCARI: ES70 2038 9980 4060 0031 5342<\/p>\n<p>Per a la realitzaci\u00f3 del curs es requerir\u00e0 un m\u00ednim de 10 alumnes inscrits.<\/p>\n<p>Tendr\u00e0 lloc a Demarcaci\u00f3 Balears CICCP. C\/ Sant Francesc n\u00ba10 1r, 07001 Palma<\/p>\n<p>PROGRAMA :191002 PROGRAMA CAPACITACI\u00d3N BIM<\/p>\n<p>CALENDARI: 191002 CALENDARIO BIM _BALEARES<\/p>\n<p>CONTINGUT DE M\u00d2DULS: 191002 CONTENIDO DE LOS MODULOS DE CAPACITACI\u00d3N BIM<\/p>\n","protected":false},"excerpt":{"rendered":"<p>Palma.- La Demarcaci\u00f3 en Balears ha convocat el m\u00f2dul 2 &#8220;Integraci\u00f3 d&#8217;informaci\u00f3 geogr\u00e0fica existent i estudis d&#8217;alternatives&#8221;.\u00a0 El gui\u00f3 \u00e9s: 2.1.\u00a0\u00a0\u00a0 Fundamentos (2 hores: Dimarts 26 de Novembre de 8.00-10:00h) 2.2.\u00a0\u00a0\u00a0 Del GIS al BIM (QGIS) (6 hores: Dimarts 26 de Novembre 11.00-18:00h) 2.3.\u00a0\u00a0\u00a0 Topograf\u00eda avanzada y nubes de puntos (8 hores: Dimecres 27 de [&hellip;]<\/p>\n","protected":false},"author":2,"featured_media":3154,"comment_status":"closed","ping_status":"open","sticky":false,"template":"","format":"standard","meta":{"footnotes":""},"categories":[29],"tags":[],"class_list":["post-3559","post","type-post","status-publish","format-standard","has-post-thumbnail","hentry","category-el-collegi-informa"],"_links":{"self":[{"href":"https:\/\/caminsbalears.org\/ca\/wp-json\/wp\/v2\/posts\/3559","targetHints":{"allow":["GET"]}}],"collection":[{"href":"https:\/\/caminsbalears.org\/ca\/wp-json\/wp\/v2\/posts"}],"about":[{"href":"https:\/\/caminsbalears.org\/ca\/wp-json\/wp\/v2\/types\/post"}],"author":[{"embeddable":true,"href":"https:\/\/caminsbalears.org\/ca\/wp-json\/wp\/v2\/users\/2"}],"replies":[{"embeddable":true,"href":"https:\/\/caminsbalears.org\/ca\/wp-json\/wp\/v2\/comments?post=3559"}],"version-history":[{"count":2,"href":"https:\/\/caminsbalears.org\/ca\/wp-json\/wp\/v2\/posts\/3559\/revisions"}],"predecessor-version":[{"id":3561,"href":"https:\/\/caminsbalears.org\/ca\/wp-json\/wp\/v2\/posts\/3559\/revisions\/3561"}],"wp:featuredmedia":[{"embeddable":true,"href":"https:\/\/caminsbalears.org\/ca\/wp-json\/wp\/v2\/media\/3154"}],"wp:attachment":[{"href":"https:\/\/caminsbalears.org\/ca\/wp-json\/wp\/v2\/media?parent=3559"}],"wp:term":[{"taxonomy":"category","embeddable":true,"href":"https:\/\/caminsbalears.org\/ca\/wp-json\/wp\/v2\/categories?post=3559"},{"taxonomy":"post_tag","embeddable":true,"href":"https:\/\/caminsbalears.org\/ca\/wp-json\/wp\/v2\/tags?post=3559"}],"curies":[{"name":"wp","href":"https:\/\/api.w.org\/{rel}","templated":true}]}}