{"id":3556,"date":"2019-10-17T15:26:39","date_gmt":"2019-10-17T15:26:39","guid":{"rendered":"http:\/\/caminsbalears.org\/un-iccp-de-balears-cofunda-la-delegacion-de-la-multinacional-cement-desing\/"},"modified":"2023-03-07T17:31:22","modified_gmt":"2023-03-07T17:31:22","slug":"un-iccp-de-balears-cofunda-la-delegacion-de-la-multinacional-cement-desing","status":"publish","type":"post","link":"https:\/\/caminsbalears.org\/ca\/un-iccp-de-balears-cofunda-la-delegacion-de-la-multinacional-cement-desing\/","title":{"rendered":"Un ECCP de Balears cofunda la delegaci\u00f3 de la multinacional Cement Desing"},"content":{"rendered":"<p>Palma, 17 d&#8217;octubre de 2019.- Ivan Canals Garc\u00eda, 42 anys, madrileny de naixement, i Enginyer de Camins, Canals i Ports de Balears (centre de la imatge superior), ha cofundat la delegaci\u00f3 a Mallorca de Cement Design, que es presenta dem\u00e0 en el n\u00famero 26 del carrer de Francisco Sancho, a Palma, a les 18 hores. Canals acumula 13 anys d&#8217;experi\u00e8ncia, principalment com a cap d&#8217;obra, dins i fora d&#8217;Espanya, encara que tamb\u00e9 ha realitzat estudis de projectes per a enginyeries. Segons ens compta, Cement Design \u00e9s una marca l\u00edder en la fabricaci\u00f3, distribuci\u00f3 i instal\u00b7laci\u00f3 de revestiments continus decoratius. Amb seu a Madrid i pres\u00e8ncia en m\u00e9s de 40 pa\u00efsos, la seva \u00e0mplia xarxa de delegacions pr\u00f2pies permet donar resposta a projectes de qualsevol envergadura a escala nacional i mundial.<\/p>\n<p><strong>Enhorabona. Quina funci\u00f3 tindr\u00e0s en Cement Design?<\/strong><\/p>\n<p>Com un dels 3 socis que ha conformat la Delegaci\u00f3 de Cement Design a Mallorca he estat part activa en la implantaci\u00f3 de l&#8217;empresa a l&#8217;illa en la seva primera etapa. Actualment estic principalment enfocat en la supervisi\u00f3, direcci\u00f3 i control de les obres que executem, al mateix temps dono suport t\u00e8cnic a la part comercial que el requereixi<\/p>\n<p><strong>Com creus que Balears rebr\u00e0 la vostra oferta? Teniu estudis? Per qu\u00e8 \u00e9s necess\u00e0ria?<\/strong><\/p>\n<p>A pesar que fins i tot ens queda molta feina comercial per realitzar ja que ens hem presentat al mercat mallorqu\u00ed fa tan sols uns 3 mesos, hem pogut comprovar que el nostre producte ha tingut una gran acceptaci\u00f3 tant per ser innovador, com per ser molt competitiu en preu, sumat a ser un producte de gran qualitat i amb una llarga traject\u00f2ria en la resta del pa\u00eds i altres 40 pa\u00efsos, s&#8217;estima una projecci\u00f3 molt positiva a l&#8217;illa.<\/p>\n<p>Hem pogut comprovar que productes similars a l&#8217;el nostre s\u00f3n tend\u00e8ncia a Alemanya, la qual cosa \u00e9s molt favorable per l&#8217;alta poblaci\u00f3 a l&#8217;illa d&#8217;aquesta nacionalitat. Un altre punt que ens afavoreix \u00e9s el gran nombre de projectes la tipologia dels quals s&#8217;adapta perfectament al nostre producte el que ens proporciona una gran demanda.<\/p>\n<p>Hi ha molt poques empreses a Mallorca especialitzades a realitzar el nostre tipus de revestiment i una gran demanda de clients que es caracteritzen per la seva exig\u00e8ncia, amb el que existeix una necessitat real d&#8217;una empresa especialitzada que garanteixi la qualitat d&#8217;instal\u00b7laci\u00f3.<\/p>\n<p><strong>Per qu\u00e8 \u00e9s \u00fatil per als ICCP?<\/strong><\/p>\n<p>El nostre revestiment decoratiu \u00e9s una alternativa interessant a tenir en compte en la fase final de terminacions d&#8217;una obra per les seves caracter\u00edstiques mec\u00e0niques i est\u00e8tiques. Les principals caracter\u00edstiques mec\u00e0niques a destacar s\u00f3n:<\/p>\n<p>Gran capacitat d&#8217;adher\u00e8ncia podent-se aplicar amb \u00e8xit sobre gaireb\u00e9 qualsevol superf\u00edcie per polida que pugui ser.<br \/>\nGran flexibilitat que permet aplicar-se a qualsevol geometria i realitzar superf\u00edcies cont\u00ednues sense necessitat de juntes.<br \/>\nFunciona tant en interiors com en exteriors, podent-se tamb\u00e9 aplicar en zones inundables com poden ser piscines.<\/p>\n<p>Respecte a l&#8217;est\u00e8tica del producte, indicar que es pot conjugar una gran varietat de colors, textures, terminacions i maneres d&#8217;aplicar el producte que genera gaireb\u00e9 il\u00b7limitades solucions est\u00e8tiques, permetent personalitzar i adaptar-se a les exig\u00e8ncies particulars de cada projecte. En la nostra \u00e0mplia gamma de productes tenim alguns innovadors que permeten diferenciar projectes fent-los \u00fanics.<\/p>\n<p>Destacar tamb\u00e9 que entre els certificats internacionals que avalen la pol\u00edtica sostenible de Cement Design destaca el distintiu EMICODE, que garanteix una molt baixa emissi\u00f3 de compostos vol\u00e0tils org\u00e0nics en els materials de construcci\u00f3.<\/p>\n<p>Comentar que el nostre producte pot ser molt atractiu enfront d&#8217;uns altres amb els quals habitualment competim com poden ser els porcelanatos de grans dimensions amb l&#8217;avantatge afegit de no comptar amb juntes. Assenyalar tamb\u00e9, que en poder-se aplicar gaireb\u00e9 en qualsevol superf\u00edcie i tenir un gruix m\u00e0xim de 3 &#8211; 4 mm, en projectes de reformes es pot aplicar sobre els materials ja instal\u00b7lats sense necessitar realitzar demolicions i la retirada d&#8217;enderrocs eliminant aquests costos associats baixant, a part, el temps d&#8217;execuci\u00f3.<\/p>\n","protected":false},"excerpt":{"rendered":"<p>Palma, 17 d&#8217;octubre de 2019.- Ivan Canals Garc\u00eda, 42 anys, madrileny de naixement, i Enginyer de Camins, Canals i Ports de Balears (centre de la imatge superior), ha cofundat la delegaci\u00f3 a Mallorca de Cement Design, que es presenta dem\u00e0 en el n\u00famero 26 del carrer de Francisco Sancho, a Palma, a les 18 hores. [&hellip;]<\/p>\n","protected":false},"author":2,"featured_media":3158,"comment_status":"closed","ping_status":"open","sticky":false,"template":"","format":"standard","meta":{"footnotes":""},"categories":[29],"tags":[],"class_list":["post-3556","post","type-post","status-publish","format-standard","has-post-thumbnail","hentry","category-el-collegi-informa"],"_links":{"self":[{"href":"https:\/\/caminsbalears.org\/ca\/wp-json\/wp\/v2\/posts\/3556","targetHints":{"allow":["GET"]}}],"collection":[{"href":"https:\/\/caminsbalears.org\/ca\/wp-json\/wp\/v2\/posts"}],"about":[{"href":"https:\/\/caminsbalears.org\/ca\/wp-json\/wp\/v2\/types\/post"}],"author":[{"embeddable":true,"href":"https:\/\/caminsbalears.org\/ca\/wp-json\/wp\/v2\/users\/2"}],"replies":[{"embeddable":true,"href":"https:\/\/caminsbalears.org\/ca\/wp-json\/wp\/v2\/comments?post=3556"}],"version-history":[{"count":1,"href":"https:\/\/caminsbalears.org\/ca\/wp-json\/wp\/v2\/posts\/3556\/revisions"}],"predecessor-version":[{"id":3557,"href":"https:\/\/caminsbalears.org\/ca\/wp-json\/wp\/v2\/posts\/3556\/revisions\/3557"}],"wp:featuredmedia":[{"embeddable":true,"href":"https:\/\/caminsbalears.org\/ca\/wp-json\/wp\/v2\/media\/3158"}],"wp:attachment":[{"href":"https:\/\/caminsbalears.org\/ca\/wp-json\/wp\/v2\/media?parent=3556"}],"wp:term":[{"taxonomy":"category","embeddable":true,"href":"https:\/\/caminsbalears.org\/ca\/wp-json\/wp\/v2\/categories?post=3556"},{"taxonomy":"post_tag","embeddable":true,"href":"https:\/\/caminsbalears.org\/ca\/wp-json\/wp\/v2\/tags?post=3556"}],"curies":[{"name":"wp","href":"https:\/\/api.w.org\/{rel}","templated":true}]}}