{"id":3553,"date":"2019-10-18T17:15:57","date_gmt":"2019-10-18T17:15:57","guid":{"rendered":"http:\/\/caminsbalears.org\/el-programa-de-bim-que-comienza-en-palma-el-29-oct-permite-cumplir-la-ley\/"},"modified":"2023-03-07T17:29:30","modified_gmt":"2023-03-07T17:29:30","slug":"el-programa-de-bim-que-comienza-en-palma-el-29-oct-permite-cumplir-la-ley","status":"publish","type":"post","link":"https:\/\/caminsbalears.org\/ca\/el-programa-de-bim-que-comienza-en-palma-el-29-oct-permite-cumplir-la-ley\/","title":{"rendered":"El Programa de BIM que comen\u00e7a a Palma el 29-Oct permet complir la Llei"},"content":{"rendered":"<p>Palma, 18 d&#8217;octubre de 2019.- El Programa de Building Information Modeling (BIM) que comen\u00e7a a Palma el pr\u00f2xim 29 d&#8217;Octubre, organitzat per la Demarcaci\u00f3 del Col\u00b7legi d&#8217;Enginyers de Camins, Canals i Ports (CECCP), permetr\u00e0 als alumnes adaptar-se a l&#8217;obligatorietat de presentar els projectes en aquesta metodologia de treball. Des del 17 de desembre de 2018, existeix l&#8217;obligaci\u00f3 d&#8217;executar en BIM tots els projectes constructius d&#8217;edificaci\u00f3 amb finan\u00e7ament p\u00fablic, i des del 26 de juliol de 2019, l&#8217;obligaci\u00f3 d&#8217;executar BIM en tots els projectes d&#8217;infraestructures amb finan\u00e7ament p\u00fablic. El 2020 hauran de presentar-se a BIM tots els projectes d&#8217;obra nova i rehabilitaci\u00f3 d&#8217;equipament p\u00fablic i infraestructures que comptin amb finan\u00e7ament p\u00fablic. Aix\u00f2 fa que segons el Col\u00b7legi d&#8217;Enginyers de Camins, Canals, i Ports, &#8220;la formaci\u00f3 en metodologia BIM sigui cada vegada m\u00e9s necess\u00e0ria per la seva creixent incorporaci\u00f3 en els processos vinculats a la construcci\u00f3 i als requeriments dels promotors, tant d&#8217;obra p\u00fablica, com a privada. Per aix\u00f2, la capacitaci\u00f3 de professionals s&#8217;ha convertit en una prioritat per al Col\u00b7legi d&#8217;Enginyers de Camins, Canals i Ports&#8221;. El primer m\u00f2dul costa 400 euros, i t\u00e9 un descompte del 10% per als col\u00b7legiats, sent de 360 euros. El pagament es realitza amb transfer\u00e8ncia a ES70 2038 9980 4060 0031 5342 i la inscripci\u00f3 remetent el comprovant a baleares@ciccp.es per a reservar pla\u00e7a.<\/p>\n<p>Segons el Col\u00b7legi d&#8217;ECCP, &#8220;davant la falta de formacions modulars adaptades a la diversa casu\u00edstica del sector, des del Col\u00b7legi s&#8217;ha pres la iniciativa de vehicular una formaci\u00f3 innovadora, directa i senzilla orientada a subministrar als diversos perfils que participen en el sector, les p\u00edndoles formatives que necessiten per a continuar exercint les seves funcions en un sector cada vegada m\u00e9s exigent digitalment. Per a aix\u00f2, s&#8217;han identificat les diferents funcions exercides pels t\u00e8cnics en els \u00e0mbits de l&#8217;Administraci\u00f3, les Enginyeries i les Constructores, i s&#8217;han definit tres perfils en funci\u00f3 de les seves necessitats formatives. Els alumnes que participin podran triar i confeccionar al seu gust l&#8217;itinerari formatiu que m\u00e9s s&#8217;adeq\u00fci al seu desenvolupament professional o al camp en el qual es vulgui especialitzar&#8221;.<\/p>\n<p>El programa que es presenta consta de 6 m\u00f2duls que sumen un total de 136 hores de formaci\u00f3 en modalitat presencial. Per tractar-se d&#8217;un programa obert, que anir\u00e0 adequant-se a les necessitats i avan\u00e7os que vagin produint-se i que contempla l&#8217;aprofundiment i especialitzaci\u00f3 en determinades \u00e0rees, s&#8217;aniran afegint nous subm\u00f2duls.<\/p>\n<p>&nbsp;<\/p>\n<p>&nbsp;<\/p>\n","protected":false},"excerpt":{"rendered":"<p>Palma, 18 d&#8217;octubre de 2019.- El Programa de Building Information Modeling (BIM) que comen\u00e7a a Palma el pr\u00f2xim 29 d&#8217;Octubre, organitzat per la Demarcaci\u00f3 del Col\u00b7legi d&#8217;Enginyers de Camins, Canals i Ports (CECCP), permetr\u00e0 als alumnes adaptar-se a l&#8217;obligatorietat de presentar els projectes en aquesta metodologia de treball. Des del 17 de desembre de 2018, [&hellip;]<\/p>\n","protected":false},"author":2,"featured_media":3159,"comment_status":"closed","ping_status":"open","sticky":false,"template":"","format":"standard","meta":{"footnotes":""},"categories":[29],"tags":[],"class_list":["post-3553","post","type-post","status-publish","format-standard","has-post-thumbnail","hentry","category-el-collegi-informa"],"_links":{"self":[{"href":"https:\/\/caminsbalears.org\/ca\/wp-json\/wp\/v2\/posts\/3553","targetHints":{"allow":["GET"]}}],"collection":[{"href":"https:\/\/caminsbalears.org\/ca\/wp-json\/wp\/v2\/posts"}],"about":[{"href":"https:\/\/caminsbalears.org\/ca\/wp-json\/wp\/v2\/types\/post"}],"author":[{"embeddable":true,"href":"https:\/\/caminsbalears.org\/ca\/wp-json\/wp\/v2\/users\/2"}],"replies":[{"embeddable":true,"href":"https:\/\/caminsbalears.org\/ca\/wp-json\/wp\/v2\/comments?post=3553"}],"version-history":[{"count":1,"href":"https:\/\/caminsbalears.org\/ca\/wp-json\/wp\/v2\/posts\/3553\/revisions"}],"predecessor-version":[{"id":3554,"href":"https:\/\/caminsbalears.org\/ca\/wp-json\/wp\/v2\/posts\/3553\/revisions\/3554"}],"wp:featuredmedia":[{"embeddable":true,"href":"https:\/\/caminsbalears.org\/ca\/wp-json\/wp\/v2\/media\/3159"}],"wp:attachment":[{"href":"https:\/\/caminsbalears.org\/ca\/wp-json\/wp\/v2\/media?parent=3553"}],"wp:term":[{"taxonomy":"category","embeddable":true,"href":"https:\/\/caminsbalears.org\/ca\/wp-json\/wp\/v2\/categories?post=3553"},{"taxonomy":"post_tag","embeddable":true,"href":"https:\/\/caminsbalears.org\/ca\/wp-json\/wp\/v2\/tags?post=3553"}],"curies":[{"name":"wp","href":"https:\/\/api.w.org\/{rel}","templated":true}]}}