{"id":3550,"date":"2019-10-23T19:02:44","date_gmt":"2019-10-23T19:02:44","guid":{"rendered":"http:\/\/caminsbalears.org\/el-colegio-defiende-los-intereses-de-los-iccp-frente-a-cort-y-consell-de-mallorca\/"},"modified":"2023-03-07T17:28:12","modified_gmt":"2023-03-07T17:28:12","slug":"el-colegio-defiende-los-intereses-de-los-iccp-frente-a-cort-y-consell-de-mallorca","status":"publish","type":"post","link":"https:\/\/caminsbalears.org\/ca\/el-colegio-defiende-los-intereses-de-los-iccp-frente-a-cort-y-consell-de-mallorca\/","title":{"rendered":"El Col\u00b7legi defensa els ECCP davant Cort i Consell de Mallorca"},"content":{"rendered":"<p><img decoding=\"async\" class=\"size-thumbnail wp-image-1832 aligncenter\" src=\"http:\/\/caminsbalears.org\/wp-content\/uploads\/2019\/10\/IMG-20191023-WA0013-150x150.jpeg\" alt=\"\" width=\"150\" height=\"150\" data-id=\"1832\" \/><\/p>\n<p>Palma, 23 d&#8217;Octubre de 2019.- La Demarcaci\u00f3 del Col\u00b7legi d&#8217;Enginyers de Camins, Canals i Ports de les Illes Balears ha defensat aquest mat\u00ed davant del Batle de Palma, Jos\u00e9 Hila, i davant del conseller de Mobilitat i de Carreteres del Consell de Mallorca, Iv\u00e1n Sevillano, els interessos dels Enginyers de Camins Canals i Ports (ICCP). La Demarcaci\u00f3 ha estat representada pel Deg\u00e0 Juan Antonio Esteban i pel secretari de la Junta Rectora Alejandro Asensi en la reuni\u00f3 amb el batle de Palma (en la imatge interior, d&#8217;esquerra a dreta, Asensi, Fila, i Esteban), i a ells s&#8217;hi ha sumat en la reuni\u00f3 en el Consell de Mallorca, Antonio de Pablo (en la imatge principal de la not\u00edcia, el primer per la dreta).<\/p>\n<p>En les reunions, el Col\u00b7legi ha manifestat la seva preocupaci\u00f3 pels drets laborals dels t\u00e8cnics que s\u00f3n Enginyers de Camins, Canals i Ports; ha sol\u00b7licitat col\u00b7laboraci\u00f3 per al centenari de la commemoraci\u00f3 de la defunci\u00f3 de Pere Garau i Ca\u00f1ellas, i s&#8217;ha interessat per les inversions en infraestructures i actuacions previstes per a aquesta legislatura.<\/p>\n<p>Tots dos representants institucionals han respost que estan tractant de protegir els drets laborals de tots els t\u00e8cnics, que a vegades queden desemparats, i que duran a terme mesures per a afavorir la mobilitat, prescindint del cotxe privat, dins de Palma, i per a millorar el prove\u00efment d&#8217;aigua potable i la depuraci\u00f3 de l&#8217;aigua. A m\u00e9s, el Consell de Mallorca ha recordat que ha sol\u00b7licitat el trasp\u00e0s de compet\u00e8ncies ferrovi\u00e0ries amb la intenci\u00f3 d&#8217;estendre la via f\u00e8rria fins a Capdepera des de Manacor, i a Llucmajor, des de Palma.<\/p>\n<p>&nbsp;<\/p>\n","protected":false},"excerpt":{"rendered":"<p>Palma, 23 d&#8217;Octubre de 2019.- La Demarcaci\u00f3 del Col\u00b7legi d&#8217;Enginyers de Camins, Canals i Ports de les Illes Balears ha defensat aquest mat\u00ed davant del Batle de Palma, Jos\u00e9 Hila, i davant del conseller de Mobilitat i de Carreteres del Consell de Mallorca, Iv\u00e1n Sevillano, els interessos dels Enginyers de Camins Canals i Ports (ICCP). [&hellip;]<\/p>\n","protected":false},"author":2,"featured_media":3161,"comment_status":"closed","ping_status":"open","sticky":false,"template":"","format":"standard","meta":{"footnotes":""},"categories":[29],"tags":[],"class_list":["post-3550","post","type-post","status-publish","format-standard","has-post-thumbnail","hentry","category-el-collegi-informa"],"_links":{"self":[{"href":"https:\/\/caminsbalears.org\/ca\/wp-json\/wp\/v2\/posts\/3550","targetHints":{"allow":["GET"]}}],"collection":[{"href":"https:\/\/caminsbalears.org\/ca\/wp-json\/wp\/v2\/posts"}],"about":[{"href":"https:\/\/caminsbalears.org\/ca\/wp-json\/wp\/v2\/types\/post"}],"author":[{"embeddable":true,"href":"https:\/\/caminsbalears.org\/ca\/wp-json\/wp\/v2\/users\/2"}],"replies":[{"embeddable":true,"href":"https:\/\/caminsbalears.org\/ca\/wp-json\/wp\/v2\/comments?post=3550"}],"version-history":[{"count":1,"href":"https:\/\/caminsbalears.org\/ca\/wp-json\/wp\/v2\/posts\/3550\/revisions"}],"predecessor-version":[{"id":3551,"href":"https:\/\/caminsbalears.org\/ca\/wp-json\/wp\/v2\/posts\/3550\/revisions\/3551"}],"wp:featuredmedia":[{"embeddable":true,"href":"https:\/\/caminsbalears.org\/ca\/wp-json\/wp\/v2\/media\/3161"}],"wp:attachment":[{"href":"https:\/\/caminsbalears.org\/ca\/wp-json\/wp\/v2\/media?parent=3550"}],"wp:term":[{"taxonomy":"category","embeddable":true,"href":"https:\/\/caminsbalears.org\/ca\/wp-json\/wp\/v2\/categories?post=3550"},{"taxonomy":"post_tag","embeddable":true,"href":"https:\/\/caminsbalears.org\/ca\/wp-json\/wp\/v2\/tags?post=3550"}],"curies":[{"name":"wp","href":"https:\/\/api.w.org\/{rel}","templated":true}]}}