{"id":3547,"date":"2019-11-07T17:30:15","date_gmt":"2019-11-07T17:30:15","guid":{"rendered":"http:\/\/caminsbalears.org\/animada-sesion-de-fam-caminos-sobre-responsabilidad-civil-profesional\/"},"modified":"2023-03-07T17:26:47","modified_gmt":"2023-03-07T17:26:47","slug":"animada-sesion-de-fam-caminos-sobre-responsabilidad-civil-profesional","status":"publish","type":"post","link":"https:\/\/caminsbalears.org\/ca\/animada-sesion-de-fam-caminos-sobre-responsabilidad-civil-profesional\/","title":{"rendered":"Animada sessi\u00f3 de Fam Caminos sobre Responsabilitat civil professional"},"content":{"rendered":"<p>Palma, 06 de novembre de 2019.- La Jornada &#8220;La Responsabilidad Civil Professional y los Seguros del Colegio. Especial Referencia a la Funci\u00f3n P\u00fablica&#8221;, organitzada pel Col\u00b7legi d&#8217;Enginyers de Camins, Canals i Ports i per FAM Camins, l&#8217;operador d&#8217;assegurances vinculades del Grup Banc Camins, s&#8217;ha celebrat aquest dimecres 6 de novembre, a la sala d&#8217;actes cedida per la Federaci\u00f3 d&#8217;Entitats Locals d&#8217;Illes Balears (FELIB), generant un animat torn de preguntes entre els ponents i la vintena de col\u00b7legiats assistents.<\/p>\n<p>La Jornada va ser inaugurada per Juan Antonio Esteban Rodr\u00edguez, Deg\u00e0 de la Demarcaci\u00f3 de Balears, agraint a la FELIB la col\u00b7laboraci\u00f3 log\u00edstica, a qui va prosseguir Pablo Linde, Director Jur\u00eddico del Col\u00b7legi, amb una breu intervenci\u00f3 sobre &#8220;Nociones jur\u00eddicas sobre la responsabilidad civil y el visado&#8221;. Finalment, la major part de la sessi\u00f3 i les respostes a les preguntes plantejades va ser a c\u00e0rrec de Pablo Canadell, Director General de FAM Camins.<\/p>\n<p>En la seva intervenci\u00f3, Linde va destacar que tenim d&#8217;una banda la responsabilitat civil contractual, i, per l&#8217;altre, la responsabilitat civil professional, que ha estat l&#8217;estudiada durant la jornada i que afecta la professi\u00f3 exercida en les diferents f\u00f3rmules de relacions amb l&#8217;empresa que contracta els serveis. El responsable del Departament Jur\u00eddic va destacar la import\u00e0ncia de visar tot l&#8217;espectre de treballs i que l&#8217;Administraci\u00f3 convenie amb el Col\u00b7legi els visats per a, entre altres avantatges, comptar amb la cobertura de les assegurances que minimitzen els riscos de respondre amb el patrimoni personal i fins i tot amb la privaci\u00f3 de llibertat.<\/p>\n<p>Per part seva, Canadell va explicar\u00a0les tres p\u00f2lisses que ofereix FAM Camins amb l&#8217;Asseguradora\u00a0Caser. Les p\u00f2lisses es denominen General, Treballs Visats i Direcci\u00f3 d&#8217;Obra Visada. Pel que fa a General, la cobertura \u00e9s de 100.000 euros, amb una franqu\u00edcia de 30.000 euros, que assegura als Enginyers Camins, Canals i Ports col\u00b7legiats en el cas que hi hagi una reclamaci\u00f3 formal per danys materials a tercers. Pel que fa a la p\u00f2lissa de Treballs Visats, disposa de cobertures de fins a 500.000 euros, amb una franqu\u00edcia que es redueix a 10.000 euros. Finalment, es troba el Visat de Direcci\u00f3 d&#8217;Obra, la cobertura de la qual aconsegueix 1.800.000 euros, sent tamb\u00e9 la franqu\u00edcia de 10.000 euros. Canadell\u00a0\u00a0ha posat en valor l&#8217;asseguran\u00e7a del Col\u00b7legi, la cobertura del qual &#8220;\u00e9s potent&#8221;, perqu\u00e8 cobreix possibles llacunes temporals de les p\u00f2lisses de l&#8217;Administraci\u00f3 o de les empreses. A m\u00e9s, la cobertura s&#8217;est\u00e9n a tot funcionari o treballador de les AA.PP. que hagi intervingut en l&#8217;obra, en el contracte o en el treball visat. \u00c9s de destacar que les Administracions poden visar com a clients, conveniar amb el Col\u00b7legi el visat i sol\u00b7licitar \u2013excepte en el cas de l&#8217;Administraci\u00f3 General de l&#8217;Estat- el visat en els plecs de licitaci\u00f3. El Director General de FAM Camins va posar \u00e8mfasis en el fet que els contractes de les p\u00f2lisses es poden adaptar a les necessitats dels col\u00b7legiats, per la qual cosa FAM Camins est\u00e0 oberta a suggeriments.<\/p>\n<p>Seguidament Canadell va respondre a un animat i interessant torn de preguntes sobre les situacions en les quals un ICCP \u00e9s assegurat. El v\u00eddeo de la Jornada es pot consultar col\u00b7locant el cursor i clickando en V\u00eddeo Jornada Responsabilitat Civil Professional.<\/p>\n<p>Adjuntem tamb\u00e9 una entrevista<\/p>\n<div style=\"width: 640px;\" class=\"wp-video\"><video class=\"wp-video-shortcode\" id=\"video-3547-1\" width=\"640\" height=\"640\" preload=\"metadata\" controls=\"controls\"><source type=\"video\/mp4\" src=\"http:\/\/caminsbalears.org\/wp-content\/uploads\/2019\/11\/WhatsApp-Video-2019-11-07-at-12.36.21.mp4?_=1\" \/><a href=\"http:\/\/caminsbalears.org\/wp-content\/uploads\/2019\/11\/WhatsApp-Video-2019-11-07-at-12.36.21.mp4\">http:\/\/caminsbalears.org\/wp-content\/uploads\/2019\/11\/WhatsApp-Video-2019-11-07-at-12.36.21.mp4<\/a><\/video><\/div>\n<blockquote class=\"wp-embedded-content\" data-secret=\"mT1Yu3dicd\"><p><a href=\"http:\/\/www3.ciccp.es\/pablo-canadell-director-general-de-fam-caminos-el-visado-es-un-potente-seguro-de-responsabilidad-civil-para-los-colegiados\/\">Pablo Canadell, Director General de FAM Caminos: \u201cEl visado es un potente seguro de responsabilidad civil para los Colegiados\u201d<\/a><\/p><\/blockquote>\n<p><iframe class=\"wp-embedded-content\" sandbox=\"allow-scripts\" security=\"restricted\" style=\"position: absolute; clip: rect(1px, 1px, 1px, 1px);\" title=\"&#8220;Pablo Canadell, Director General de FAM Caminos: \u201cEl visado es un potente seguro de responsabilidad civil para los Colegiados\u201d&#8221; &#8212; Colegio de Ingenieros de Caminos, Canales y Puertos\" src=\"http:\/\/www3.ciccp.es\/pablo-canadell-director-general-de-fam-caminos-el-visado-es-un-potente-seguro-de-responsabilidad-civil-para-los-colegiados\/embed\/#?secret=mT1Yu3dicd\" data-secret=\"mT1Yu3dicd\" width=\"600\" height=\"338\" frameborder=\"0\" marginwidth=\"0\" marginheight=\"0\" scrolling=\"no\"><\/iframe><\/p>\n<p>&nbsp;<\/p>\n","protected":false},"excerpt":{"rendered":"<p>Palma, 06 de novembre de 2019.- La Jornada &#8220;La Responsabilidad Civil Professional y los Seguros del Colegio. Especial Referencia a la Funci\u00f3n P\u00fablica&#8221;, organitzada pel Col\u00b7legi d&#8217;Enginyers de Camins, Canals i Ports i per FAM Camins, l&#8217;operador d&#8217;assegurances vinculades del Grup Banc Camins, s&#8217;ha celebrat aquest dimecres 6 de novembre, a la sala d&#8217;actes cedida [&hellip;]<\/p>\n","protected":false},"author":2,"featured_media":3166,"comment_status":"closed","ping_status":"open","sticky":false,"template":"","format":"standard","meta":{"footnotes":""},"categories":[29],"tags":[],"class_list":["post-3547","post","type-post","status-publish","format-standard","has-post-thumbnail","hentry","category-el-collegi-informa"],"_links":{"self":[{"href":"https:\/\/caminsbalears.org\/ca\/wp-json\/wp\/v2\/posts\/3547","targetHints":{"allow":["GET"]}}],"collection":[{"href":"https:\/\/caminsbalears.org\/ca\/wp-json\/wp\/v2\/posts"}],"about":[{"href":"https:\/\/caminsbalears.org\/ca\/wp-json\/wp\/v2\/types\/post"}],"author":[{"embeddable":true,"href":"https:\/\/caminsbalears.org\/ca\/wp-json\/wp\/v2\/users\/2"}],"replies":[{"embeddable":true,"href":"https:\/\/caminsbalears.org\/ca\/wp-json\/wp\/v2\/comments?post=3547"}],"version-history":[{"count":1,"href":"https:\/\/caminsbalears.org\/ca\/wp-json\/wp\/v2\/posts\/3547\/revisions"}],"predecessor-version":[{"id":3548,"href":"https:\/\/caminsbalears.org\/ca\/wp-json\/wp\/v2\/posts\/3547\/revisions\/3548"}],"wp:featuredmedia":[{"embeddable":true,"href":"https:\/\/caminsbalears.org\/ca\/wp-json\/wp\/v2\/media\/3166"}],"wp:attachment":[{"href":"https:\/\/caminsbalears.org\/ca\/wp-json\/wp\/v2\/media?parent=3547"}],"wp:term":[{"taxonomy":"category","embeddable":true,"href":"https:\/\/caminsbalears.org\/ca\/wp-json\/wp\/v2\/categories?post=3547"},{"taxonomy":"post_tag","embeddable":true,"href":"https:\/\/caminsbalears.org\/ca\/wp-json\/wp\/v2\/tags?post=3547"}],"curies":[{"name":"wp","href":"https:\/\/api.w.org\/{rel}","templated":true}]}}