{"id":3544,"date":"2019-11-21T19:11:53","date_gmt":"2019-11-21T19:11:53","guid":{"rendered":"http:\/\/caminsbalears.org\/una-veintena-de-directivos-de-la-construccion-aborda-la-transformacion-digital\/"},"modified":"2023-03-07T17:24:29","modified_gmt":"2023-03-07T17:24:29","slug":"una-veintena-de-directivos-de-la-construccion-aborda-la-transformacion-digital","status":"publish","type":"post","link":"https:\/\/caminsbalears.org\/ca\/una-veintena-de-directivos-de-la-construccion-aborda-la-transformacion-digital\/","title":{"rendered":"Una vintena de directius de la Construcci\u00f3 aborda la transformaci\u00f3 digital"},"content":{"rendered":"<p>Palma, 21 de novembre de 2019.- Una vintena de directius convocats per l&#8217;Associaci\u00f3 de Constructors de Balears, l&#8217;Associaci\u00f3 de Promotores Immobili\u00e0ries de Balears, i per la Demarcaci\u00f3 en Balears del Col\u00b7legi d&#8217;Enginyers de Camins, Canals i Ports (ICCP) s&#8217;han donat cita aquesta tarda en la seu de la demarcaci\u00f3 del Col\u00b7legi de ICCP per a abordar la transformaci\u00f3 digital en el sector. Durant una hora i mitja, el ICCP, el consultor, coach, expert en transformaci\u00f3 digital Juan Salvador Iriarte.<\/p>\n<p>Salvador ha comen\u00e7at la sessi\u00f3 narrant que &#8220;vivim en un m\u00f3n hiperconectado en el qual la densitat digital \u00e9s creixent&#8221; i en el qual planteja que &#8220;si tenc una empresa que genera gran quantitat de dades que em donen les empreses, les persones i les coses, potser t\u00e9 sentit que el model de negoci de la meva empresa canvi\u00ef&#8221;.<\/p>\n<p>Segons la informaci\u00f3 compartida per Salvador &#8220;l&#8217;impacte de la transformaci\u00f3 digital en el sector de la Construcci\u00f3 \u00e9s molt moderat&#8221; i &#8220;hem de definir si el canvi t\u00e9 m\u00e9s amenaces que oportunitats, o m\u00e9s oportunitats que amenaces&#8221;. Per a aix\u00f2, el ponent ha abordat la metodologia de planificaci\u00f3 d&#8217;escenaris que va posar en marxa Shell en els anys setanta, incloent un horitz\u00f3, uns &#8220;drivers&#8221;, entre ells la transformaci\u00f3 digital, amb els quals imaginar quatre escenaris i la situaci\u00f3 de l&#8217;empresa en aquest m\u00f3n.<\/p>\n<p>Finalment, Salvador ha tractat la innovaci\u00f3 en materials, la construcci\u00f3 prefabricada, estandarditzada i modularizada. En aquest apartat ha citat l&#8217;exemple de la impressi\u00f3 en 3 Dimensions, assenyalant que Acciona ha inaugurat un centre global amb el qual afrontar la demanda d&#8217;infraestructures en 3D. Tamb\u00e9 ha afirmat que &#8220;el sector de la Construcci\u00f3 ha de posar-se les piles per a millorar el seu m\u00e0rqueting i fer-ho m\u00e9s atractiu per a les empreses i persones que entren en el sector&#8221; i ha avan\u00e7at els canvis esdevenidors en contractaci\u00f3 p\u00fablica.<\/p>\n<p>El ponent ha acabat per subratllar que &#8220;el client ha de ser el centre de l&#8217;empresa&#8221; i ha recomanat la cintura &#8220;job-to-be-done&#8221; en el que ens posem en la pell del client, fixant les necessitats detallades de suposats clients. Una vegada fixada aquestes necessitats, Salvador recomana reflexionar sobre les capacitats per a escometre els canvis i satisfer al client i tenir en compte els factors que poden fer fallar el proc\u00e9s de canvi, com \u00e9s evitar que l&#8217;estructura de l&#8217;empresa sigui pesada.<\/p>\n<p>La xerrada ha servit per a proposar unes pautes que permeten consolidar un proc\u00e9s de canvi robust que respon a l&#8217;estrat\u00e8gia de l&#8217;empresa.<\/p>\n","protected":false},"excerpt":{"rendered":"<p>Palma, 21 de novembre de 2019.- Una vintena de directius convocats per l&#8217;Associaci\u00f3 de Constructors de Balears, l&#8217;Associaci\u00f3 de Promotores Immobili\u00e0ries de Balears, i per la Demarcaci\u00f3 en Balears del Col\u00b7legi d&#8217;Enginyers de Camins, Canals i Ports (ICCP) s&#8217;han donat cita aquesta tarda en la seu de la demarcaci\u00f3 del Col\u00b7legi de ICCP per a [&hellip;]<\/p>\n","protected":false},"author":2,"featured_media":3167,"comment_status":"closed","ping_status":"open","sticky":false,"template":"","format":"standard","meta":{"footnotes":""},"categories":[29],"tags":[],"class_list":["post-3544","post","type-post","status-publish","format-standard","has-post-thumbnail","hentry","category-el-collegi-informa"],"_links":{"self":[{"href":"https:\/\/caminsbalears.org\/ca\/wp-json\/wp\/v2\/posts\/3544","targetHints":{"allow":["GET"]}}],"collection":[{"href":"https:\/\/caminsbalears.org\/ca\/wp-json\/wp\/v2\/posts"}],"about":[{"href":"https:\/\/caminsbalears.org\/ca\/wp-json\/wp\/v2\/types\/post"}],"author":[{"embeddable":true,"href":"https:\/\/caminsbalears.org\/ca\/wp-json\/wp\/v2\/users\/2"}],"replies":[{"embeddable":true,"href":"https:\/\/caminsbalears.org\/ca\/wp-json\/wp\/v2\/comments?post=3544"}],"version-history":[{"count":1,"href":"https:\/\/caminsbalears.org\/ca\/wp-json\/wp\/v2\/posts\/3544\/revisions"}],"predecessor-version":[{"id":3545,"href":"https:\/\/caminsbalears.org\/ca\/wp-json\/wp\/v2\/posts\/3544\/revisions\/3545"}],"wp:featuredmedia":[{"embeddable":true,"href":"https:\/\/caminsbalears.org\/ca\/wp-json\/wp\/v2\/media\/3167"}],"wp:attachment":[{"href":"https:\/\/caminsbalears.org\/ca\/wp-json\/wp\/v2\/media?parent=3544"}],"wp:term":[{"taxonomy":"category","embeddable":true,"href":"https:\/\/caminsbalears.org\/ca\/wp-json\/wp\/v2\/categories?post=3544"},{"taxonomy":"post_tag","embeddable":true,"href":"https:\/\/caminsbalears.org\/ca\/wp-json\/wp\/v2\/tags?post=3544"}],"curies":[{"name":"wp","href":"https:\/\/api.w.org\/{rel}","templated":true}]}}