{"id":3541,"date":"2019-11-26T11:48:43","date_gmt":"2019-11-26T11:48:43","guid":{"rendered":"http:\/\/caminsbalears.org\/hasta-33-alumnos-se-forman-en-palma-en-bim-en-la-primera-sesion-de-esta-semana\/"},"modified":"2023-03-07T17:23:11","modified_gmt":"2023-03-07T17:23:11","slug":"hasta-33-alumnos-se-forman-en-palma-en-bim-en-la-primera-sesion-de-esta-semana","status":"publish","type":"post","link":"https:\/\/caminsbalears.org\/ca\/hasta-33-alumnos-se-forman-en-palma-en-bim-en-la-primera-sesion-de-esta-semana\/","title":{"rendered":"Fins a 33 alumnes es formen a Palma a BIM en la primera sessi\u00f3 d\u2019aquesta setmana"},"content":{"rendered":"<p>Palma, 26 de novembre de 2019.- Fins a 33 alumnes, un total de 22 persones en dos grups, un de 22 i un altre d&#8217;11, s&#8217;han format aquest mat\u00ed en metodologia Building Information Modeling (BIM) durant la primera sessi\u00f3 del programa que s&#8217;imparteix a Palma aquesta setmana, organitzat per la Demarcaci\u00f3 en Balears del Col\u00b7legi d&#8217;Enginyers de Camins, Canals i Ports. La ponent d&#8217;aquest mat\u00ed ha estat Amaia Salaverria, Enginyera de Camins, Canals i Ports i CAPM amb 6 anys d&#8217;experi\u00e8ncia, i titulada del M\u00e0ster BIM en Enginyeria Civil. Actualment, realitza Estudis, Projectes, Assist\u00e8ncies T\u00e8cniques i Direccions d&#8217;Obra en Salaberria Ingenieritza S.L. i \u00e9s Directora d&#8217;Explotaci\u00f3 de la Presa de Urtatza. La sessi\u00f3 d&#8217;aquest mat\u00ed portava per t\u00edtol \u201cIntegraci\u00f3 d&#8217;informaci\u00f3 geogr\u00e0fica existent i estudis d&#8217;alternatives\u201d.<\/p>\n<p>La formaci\u00f3 en metodologia BIM \u00e9s cada vegada m\u00e9s necess\u00e0ria per la seva creixent incorporaci\u00f3 en els processos vinculats a la construcci\u00f3 i als requeriments dels promotors, tant d&#8217;obra p\u00fablica, com a privada. Per aix\u00f2, la capacitaci\u00f3 de pro-fesionales s&#8217;ha convertit en una prioritat per al Col\u00b7legi d&#8217;Enginyers de Camins, Canals i Ports en Balears. Davant la falta de formacions modulars adaptades a la diversa casu\u00edstica del sector, des del Col\u00b7legi s&#8217;ha pres la iniciativa de vehicular una formaci\u00f3 innovadora, directa i senzilla orientada a la seva-ministrar als diversos perfils que participen en el sector, les p\u00edndoles formatives que necessiten per a continuar exercint les seves funcions en un sector cada vegada m\u00e9s exigent digitalment. Per a aix\u00f2, s&#8217;han identificat les diferents funcions exercides pels t\u00e8cnics en els \u00e0mbits de l&#8217;Administraci\u00f3, les Enginyeries i les Constructores.<\/p>\n<p>&nbsp;<\/p>\n","protected":false},"excerpt":{"rendered":"<p>Palma, 26 de novembre de 2019.- Fins a 33 alumnes, un total de 22 persones en dos grups, un de 22 i un altre d&#8217;11, s&#8217;han format aquest mat\u00ed en metodologia Building Information Modeling (BIM) durant la primera sessi\u00f3 del programa que s&#8217;imparteix a Palma aquesta setmana, organitzat per la Demarcaci\u00f3 en Balears del Col\u00b7legi [&hellip;]<\/p>\n","protected":false},"author":2,"featured_media":3168,"comment_status":"closed","ping_status":"open","sticky":false,"template":"","format":"standard","meta":{"footnotes":""},"categories":[29],"tags":[],"class_list":["post-3541","post","type-post","status-publish","format-standard","has-post-thumbnail","hentry","category-el-collegi-informa"],"_links":{"self":[{"href":"https:\/\/caminsbalears.org\/ca\/wp-json\/wp\/v2\/posts\/3541","targetHints":{"allow":["GET"]}}],"collection":[{"href":"https:\/\/caminsbalears.org\/ca\/wp-json\/wp\/v2\/posts"}],"about":[{"href":"https:\/\/caminsbalears.org\/ca\/wp-json\/wp\/v2\/types\/post"}],"author":[{"embeddable":true,"href":"https:\/\/caminsbalears.org\/ca\/wp-json\/wp\/v2\/users\/2"}],"replies":[{"embeddable":true,"href":"https:\/\/caminsbalears.org\/ca\/wp-json\/wp\/v2\/comments?post=3541"}],"version-history":[{"count":1,"href":"https:\/\/caminsbalears.org\/ca\/wp-json\/wp\/v2\/posts\/3541\/revisions"}],"predecessor-version":[{"id":3542,"href":"https:\/\/caminsbalears.org\/ca\/wp-json\/wp\/v2\/posts\/3541\/revisions\/3542"}],"wp:featuredmedia":[{"embeddable":true,"href":"https:\/\/caminsbalears.org\/ca\/wp-json\/wp\/v2\/media\/3168"}],"wp:attachment":[{"href":"https:\/\/caminsbalears.org\/ca\/wp-json\/wp\/v2\/media?parent=3541"}],"wp:term":[{"taxonomy":"category","embeddable":true,"href":"https:\/\/caminsbalears.org\/ca\/wp-json\/wp\/v2\/categories?post=3541"},{"taxonomy":"post_tag","embeddable":true,"href":"https:\/\/caminsbalears.org\/ca\/wp-json\/wp\/v2\/tags?post=3541"}],"curies":[{"name":"wp","href":"https:\/\/api.w.org\/{rel}","templated":true}]}}